{"id":605192,"date":"2026-09-04T18:19:28","date_gmt":"2026-09-04T18:19:28","guid":{"rendered":"https:\/\/redepress.com.br\/noticias\/?p=605192"},"modified":"2026-09-04T23:55:01","modified_gmt":"2026-09-04T23:55:01","slug":"dia-mundial-da-alfabetizacao-e-a-importancia-de-respeitar-etapas-do-aprendizado-da-leitura","status":"publish","type":"post","link":"https:\/\/redepress.com.br\/noticias\/2026\/09\/dia-mundial-da-alfabetizacao-e-a-importancia-de-respeitar-etapas-do-aprendizado-da-leitura\/","title":{"rendered":"Dia Mundial da Alfabetiza\u00e7\u00e3o e a import\u00e2ncia de respeitar etapas do aprendizado da leitura"},"content":{"rendered":"<p style=\"font-weight: 400\">* Luciana Brites, Doutoranda em Ci&ecirc;ncias do Desenvolvimento Humano e Mestra em Dist&uacute;rbios do Desenvolvimento<\/p>\n<p style=\"font-weight: 400\">\n<\/p><p style=\"font-weight: 400\">Celebrado em 8 de setembro, o Dia Mundial da Alfabetiza&ccedil;&atilde;o nos ajuda a refletir sobre os desafios enfrentados por alunos, professores e fam&iacute;lias. Tamb&eacute;m ressalta a import&acirc;ncia de compreender o desenvolvimento da leitura e analisar quais estrat&eacute;gias favorecem esse processo.<\/p>&nbsp;&nbsp;\n<p style=\"font-weight: 400\">Para ler uma palavra, o c&eacute;rebro utiliza dois caminhos principais. O primeiro &eacute; a chamada rota fonol&oacute;gica, respons&aacute;vel pela leitura inicial e pela decodifica&ccedil;&atilde;o de palavras. Nesse processo, a crian&ccedil;a junta sons e letra por letra. Essa etapa &eacute; mais lenta e exige esfor&ccedil;o cognitivo e constru&ccedil;&atilde;o gradual da habilidade.<\/p>&nbsp;&nbsp;\n<p style=\"font-weight: 400\">O segundo caminho &eacute; a rota lexical. O c&eacute;rebro j&aacute; reconhece a palavra visualmente e consegue identific&aacute;-las de maneira r&aacute;pida e autom&aacute;tica, sem precisar soletrar, por exemplo. O desenvolvimento da leitura acontece de forma eficiente quando os dois caminhos funcionam em equil&iacute;brio.<\/p>&nbsp;&nbsp;\n<p style=\"font-weight: 400\">A dificuldade surge quando se tenta acelerar o processo, priorizando o reconhecimento visual antes que a crian&ccedil;a consolide habilidades fundamentais relacionadas &agrave; consci&ecirc;ncia dos sons. Quando a alfabetiza&ccedil;&atilde;o se apoia na memoriza&ccedil;&atilde;o visual, a crian&ccedil;a pode apresentar dificuldades diante de palavras novas, demonstrando depend&ecirc;ncia da mem&oacute;ria e inseguran&ccedil;a na leitura.<\/p>&nbsp;&nbsp;\n<p style=\"font-weight: 400\">Alguns sinais podem indicar que o processo n&atilde;o est&aacute; consolidado. Por exemplo, a crian&ccedil;a que consegue nomear letras isoladamente, mas n&atilde;o consegue unir sons para formar palavras completas. Outro indicativo &eacute; a dificuldade em perceber rimas e semelhan&ccedil;as sonoras entre palavras, demonstrando fragilidade na percep&ccedil;&atilde;o dos sons da fala.<\/p>&nbsp;&nbsp;\n<p style=\"font-weight: 400\">A leitura n&atilde;o &eacute; uma habilidade adquirida de maneira natural. Trata-se de uma constru&ccedil;&atilde;o que exige treinamento e adapta&ccedil;&atilde;o cerebral. Com isso, a consci&ecirc;ncia fonol&oacute;gica aparece como habilidade central no processo de alfabetiza&ccedil;&atilde;o. Ela envolve a capacidade de perceber que palavras s&atilde;o formadas por unidades sonoras menores e de manipular esses sons de diferentes formas.&nbsp; Atividades como rimas, alitera&ccedil;&otilde;es e explora&ccedil;&atilde;o sonora contribuem para fortalecer essa base, favorecendo a constru&ccedil;&atilde;o da leitura e da escrita.<\/p>&nbsp;&nbsp;\n<p style=\"font-weight: 400\">No Dia Mundial da Alfabetiza&ccedil;&atilde;o, a reflex&atilde;o proposta deve ir al&eacute;m do acesso &agrave; leitura. Ela deve reconhecer que alfabetizar envolve conhecimento, estrat&eacute;gia e compreens&atilde;o profunda sobre como o c&eacute;rebro aprende. Entender a ci&ecirc;ncia por tr&aacute;s da alfabetiza&ccedil;&atilde;o &eacute; o que diferencia o mestre de um instrutor.<\/p>&nbsp;&nbsp;\n<p style=\"font-weight: 400\">(*) Luciana Brites &eacute; CEO do Instituto NeuroSaber, psicopedagoga, psicomotricista, Doutoranda em Ci&ecirc;ncias do Desenvolvimento Humano e Mestra em Dist&uacute;rbios do Desenvolvimento pelo Mackenzie, palestrante e autora de livros sobre educa&ccedil;&atilde;o e transtornos de aprendizagem. Instituto NeuroSaber&nbsp;<a href=\"https:\/\/institutoneurosaber.com.br\/\" data-saferedirecturl=\"https:\/\/www.google.com\/url?q=https:\/\/institutoneurosaber.com.br\/&amp;source=gmail&amp;ust=1788631455997000&amp;usg=AOvVaw39dbnmRdFBPla8MtVCdJ2B\">https:\/\/institutoneurosaber.com.br<\/a><\/p>\n<p style=\"font-weight: 400\">\n<\/p><p style=\"font-weight: 400\">\n<\/p>","protected":false},"excerpt":{"rendered":"<p>* Luciana Brites, Doutoranda em Ci&ecirc;ncias do Desenvolvimento Humano e Mestra em Dist&uacute;rbios do Desenvolvimento Celebrado&hellip;<\/p>\n","protected":false},"author":2,"featured_media":605191,"comment_status":"closed","ping_status":"closed","sticky":false,"template":"","format":"standard","meta":{"advanced_seo_description":"","jetpack_seo_html_title":"","jetpack_seo_noindex":false,"jetpack_seo_schema_type":"","_jetpack_newsletter_access":"","_jetpack_dont_email_post_to_subs":false,"_jetpack_newsletter_tier_id":0,"_jetpack_memberships_contains_paywalled_content":false,"fifu_image_url":"","fifu_image_alt":"","_jetpack_memberships_contains_paid_content":false,"footnotes":""},"categories":[21201,14],"tags":[],"class_list":["post-605192","post","type-post","status-publish","format-standard","has-post-thumbnail","hentry","category-destaques","category-edu","wpcat-21201-id","wpcat-14-id"],"jetpack_sharing_enabled":true,"jetpack-related-posts":[],"jetpack_featured_media_url":"https:\/\/i0.wp.com\/redepress.com.br\/noticias\/wp-content\/uploads\/2026\/09\/Ilustracao-feita-por-IA.jpg?fit=1200%2C853&ssl=1","_links":{"self":[{"href":"https:\/\/redepress.com.br\/noticias\/wp-json\/wp\/v2\/posts\/605192","targetHints":{"allow":["GET"]}}],"collection":[{"href":"https:\/\/redepress.com.br\/noticias\/wp-json\/wp\/v2\/posts"}],"about":[{"href":"https:\/\/redepress.com.br\/noticias\/wp-json\/wp\/v2\/types\/post"}],"author":[{"embeddable":true,"href":"https:\/\/redepress.com.br\/noticias\/wp-json\/wp\/v2\/users\/2"}],"replies":[{"embeddable":true,"href":"https:\/\/redepress.com.br\/noticias\/wp-json\/wp\/v2\/comments?post=605192"}],"version-history":[{"count":1,"href":"https:\/\/redepress.com.br\/noticias\/wp-json\/wp\/v2\/posts\/605192\/revisions"}],"predecessor-version":[{"id":605734,"href":"https:\/\/redepress.com.br\/noticias\/wp-json\/wp\/v2\/posts\/605192\/revisions\/605734"}],"wp:featuredmedia":[{"embeddable":true,"href":"https:\/\/redepress.com.br\/noticias\/wp-json\/wp\/v2\/media\/605191"}],"wp:attachment":[{"href":"https:\/\/redepress.com.br\/noticias\/wp-json\/wp\/v2\/media?parent=605192"}],"wp:term":[{"taxonomy":"category","embeddable":true,"href":"https:\/\/redepress.com.br\/noticias\/wp-json\/wp\/v2\/categories?post=605192"},{"taxonomy":"post_tag","embeddable":true,"href":"https:\/\/redepress.com.br\/noticias\/wp-json\/wp\/v2\/tags?post=605192"}],"curies":[{"name":"wp","href":"https:\/\/api.w.org\/{rel}","templated":true}]}}