{"id":604678,"date":"2026-09-04T12:38:19","date_gmt":"2026-09-04T12:38:19","guid":{"rendered":"https:\/\/redepress.com.br\/noticias\/?p=604678"},"modified":"2026-09-04T23:55:05","modified_gmt":"2026-09-04T23:55:05","slug":"el-nino-aumenta-atencao-para-estresse-hidrico-na-safra-26-27","status":"publish","type":"post","link":"https:\/\/redepress.com.br\/noticias\/2026\/09\/el-nino-aumenta-atencao-para-estresse-hidrico-na-safra-26-27\/","title":{"rendered":"El Ni\u00f1o aumenta aten\u00e7\u00e3o para estresse h\u00eddrico na safra 26\/27"},"content":{"rendered":"<p>A previs&atilde;o de intensifica&ccedil;&atilde;o do El Ni&ntilde;o na segunda metade de 2026 refor&ccedil;a o alerta para a safra de ver&atilde;o de soja e milho, em fase de prepara&ccedil;&atilde;o para o plantio. O fen&ocirc;meno pode alterar a distribui&ccedil;&atilde;o de chuvas e contribuir para per&iacute;odos de altas temperaturas, aumentando o risco de estresse h&iacute;drico e fisiol&oacute;gico. Essas condi&ccedil;&otilde;es podem comprometer o estabelecimento da lavoura, o desenvolvimento radicular e o enchimento dos gr&atilde;os.<\/p>&nbsp;&nbsp;\n<p>De acordo com Julia Veiga, engenheira agr&ocirc;noma e coordenadora de portf&oacute;lio da Biotrop, nestes cen&aacute;rios &eacute; necess&aacute;rio um manejo preventivo e resiliente. No caso da soja, a seca limita o desenvolvimento das ra&iacute;zes desde os est&aacute;gios iniciais, reduzindo a capacidade da planta de explorar &aacute;gua e nutrientes no solo. &ldquo;Quando o d&eacute;ficit h&iacute;drico ocorre durante a fase reprodutiva, a falta de &aacute;gua provoca o abortamento de flores e vagens, causa diminui&ccedil;&atilde;o do n&uacute;mero e peso de gr&atilde;os e reduz o potencial produtivo&rdquo;, explica.<\/p>&nbsp;&nbsp;\n<p>No milho, a falta de &aacute;gua compromete igualmente o desenvolvimento da cultura, afetando a forma&ccedil;&atilde;o e o desenvolvimento das espigas, a poliniza&ccedil;&atilde;o e o enchimento dos gr&atilde;os.<\/p>&nbsp;&nbsp;\n<p>Al&eacute;m dos preju&iacute;zos vis&iacute;veis, a seca provoca altera&ccedil;&otilde;es fisiol&oacute;gicas importantes. &ldquo;Para evitar a perda de &aacute;gua, a planta fecha os est&ocirc;matos, reduzindo a fotoss&iacute;ntese, a produ&ccedil;&atilde;o de energia e a absor&ccedil;&atilde;o de nutrientes. Como consequ&ecirc;ncia, o crescimento desacelera, aumenta o estresse oxidativo e a cultura passa a ter menor capacidade de suportar condi&ccedil;&otilde;es clim&aacute;ticas adversas&rdquo;, conta a engenheira agr&ocirc;noma.<\/p>&nbsp;&nbsp;\n<p>Diante desse desafio, o manejo preventivo torna-se essencial. Al&eacute;m da escolha de cultivares adaptadas e de boas pr&aacute;ticas de manejo, os bioinsumos podem contribuir para aumentar a capacidade de lidar com as adversidades das plantas ao estresse h&iacute;drico.<\/p>&nbsp;&nbsp;\n<p>Entre as tecnologias dispon&iacute;veis para compor essa estrat&eacute;gia de manejo est&aacute; o Bioasis Power, ativador microbiol&oacute;gico de plantas desenvolvido pela Biotrop, que atuam estimulando o desenvolvimento das ra&iacute;zes, melhora a efici&ecirc;ncia no uso da &aacute;gua e ajuda a planta a responder melhor &agrave;s condi&ccedil;&otilde;es de estresse. Esses mecanismos ajudam a planta a atravessar per&iacute;odos de estiagem ou irregularidade de chuvas com menor impacto fisiol&oacute;gico, contribuindo para a manuten&ccedil;&atilde;o do desenvolvimento da cultura e de seu potencial produtivo, diz a especialista.<\/p>&nbsp;&nbsp;\n<p>Os resultados obtidos em diferentes regi&otilde;es do Brasil refor&ccedil;am a resposta da tecnologia em condi&ccedil;&otilde;es de estresse h&iacute;drico. Estudos conduzidos por consultorias agron&ocirc;micas, institui&ccedil;&otilde;es de pesquisa e parceiros independentes da Biotrop registraram resposta positiva em mais de 86% dos ensaios avaliados. No milho, o incremento m&eacute;dio observado foi de 6 sacas por hectare.<\/p>&nbsp;&nbsp;\n<p>Recomendado desde a implanta&ccedil;&atilde;o da lavoura, via tratamento de sementes ou aplica&ccedil;&atilde;o no sulco de plantio, o bioinsumo atua desde os primeiros est&aacute;dios de desenvolvimento da cultura, fortalecendo o sistema radicular e preparando a planta para enfrentar momentos cr&iacute;ticos de seca.<\/p>&nbsp;&nbsp;\n<p>Em um cen&aacute;rio de maior ocorr&ecirc;ncia de eventos clim&aacute;ticos extremos e irregularidade na disponibilidade de &aacute;gua, tecnologias biol&oacute;gicas como o Bioasis Power tornam-se ferramentas importantes dentro de uma estrat&eacute;gia de manejo voltada &agrave; maior capacidade de lidar com as adversidades das plantas e &agrave; manuten&ccedil;&atilde;o do potencial produtivo, conclui a coordenadora de portf&oacute;lio da Biotrop.<\/p>&nbsp;&nbsp;\n<p><b>Sobre a Biotrop<\/b><\/p>\n<p>De origem brasileira e com atua&ccedil;&atilde;o integralmente voltada a solu&ccedil;&otilde;es biol&oacute;gicas e naturais para o agroneg&oacute;cio, a BIOTROP &eacute; reconhecida entre as l&iacute;deres do segmento. Guiada por um forte DNA de inova&ccedil;&atilde;o, conta com Centros de pesquisa no Brasil e no exterior, al&eacute;m de modernos Centros Avan&ccedil;ados de Multiplica&ccedil;&atilde;o de Microrganismos em Curitiba (PR) e Jaguari&uacute;na (SP). Com uma ampla rede de distribuidores parceiros no Brasil e em forte expans&atilde;o internacional, oferece aos agricultores de diferentes pa&iacute;ses tecnologias que impulsionam uma agricultura sustent&aacute;vel, produtiva e rent&aacute;vel. Desde 2023, integra o Grupo BioFirst, l&iacute;der global em tecnologias biol&oacute;gicas e naturais, presente em mais de 70 pa&iacute;ses. Mais informa&ccedil;&otilde;es: <a href=\"https:\/\/biotrop.com.br\/\" data-cke-saved-href=\"https:\/\/biotrop.com.br\/\">https:\/\/biotrop.com.br\/<\/a><\/p>\n","protected":false},"excerpt":{"rendered":"<p>A previs&atilde;o de intensifica&ccedil;&atilde;o do El Ni&ntilde;o na segunda metade de 2026 refor&ccedil;a o alerta para&hellip;<\/p>\n","protected":false},"author":2,"featured_media":604677,"comment_status":"closed","ping_status":"closed","sticky":false,"template":"","format":"standard","meta":{"advanced_seo_description":"","jetpack_seo_html_title":"","jetpack_seo_noindex":false,"jetpack_seo_schema_type":"","_jetpack_newsletter_access":"","_jetpack_dont_email_post_to_subs":false,"_jetpack_newsletter_tier_id":0,"_jetpack_memberships_contains_paywalled_content":false,"fifu_image_url":"","fifu_image_alt":"","_jetpack_memberships_contains_paid_content":false,"footnotes":""},"categories":[29,21201],"tags":[34856],"class_list":["post-604678","post","type-post","status-publish","format-standard","has-post-thumbnail","hentry","category-agro","category-destaques","tag-biotrop","wpcat-29-id","wpcat-21201-id"],"jetpack_sharing_enabled":true,"jetpack-related-posts":[],"jetpack_featured_media_url":"https:\/\/i0.wp.com\/redepress.com.br\/noticias\/wp-content\/uploads\/2026\/09\/WhatsApp-Image-2026-09-04-at-09.31.50.jpeg?fit=1600%2C1066&ssl=1","_links":{"self":[{"href":"https:\/\/redepress.com.br\/noticias\/wp-json\/wp\/v2\/posts\/604678","targetHints":{"allow":["GET"]}}],"collection":[{"href":"https:\/\/redepress.com.br\/noticias\/wp-json\/wp\/v2\/posts"}],"about":[{"href":"https:\/\/redepress.com.br\/noticias\/wp-json\/wp\/v2\/types\/post"}],"author":[{"embeddable":true,"href":"https:\/\/redepress.com.br\/noticias\/wp-json\/wp\/v2\/users\/2"}],"replies":[{"embeddable":true,"href":"https:\/\/redepress.com.br\/noticias\/wp-json\/wp\/v2\/comments?post=604678"}],"version-history":[{"count":1,"href":"https:\/\/redepress.com.br\/noticias\/wp-json\/wp\/v2\/posts\/604678\/revisions"}],"predecessor-version":[{"id":605744,"href":"https:\/\/redepress.com.br\/noticias\/wp-json\/wp\/v2\/posts\/604678\/revisions\/605744"}],"wp:featuredmedia":[{"embeddable":true,"href":"https:\/\/redepress.com.br\/noticias\/wp-json\/wp\/v2\/media\/604677"}],"wp:attachment":[{"href":"https:\/\/redepress.com.br\/noticias\/wp-json\/wp\/v2\/media?parent=604678"}],"wp:term":[{"taxonomy":"category","embeddable":true,"href":"https:\/\/redepress.com.br\/noticias\/wp-json\/wp\/v2\/categories?post=604678"},{"taxonomy":"post_tag","embeddable":true,"href":"https:\/\/redepress.com.br\/noticias\/wp-json\/wp\/v2\/tags?post=604678"}],"curies":[{"name":"wp","href":"https:\/\/api.w.org\/{rel}","templated":true}]}}