{"id":604676,"date":"2026-09-04T12:35:54","date_gmt":"2026-09-04T12:35:54","guid":{"rendered":"https:\/\/redepress.com.br\/noticias\/?p=604676"},"modified":"2026-09-04T23:55:05","modified_gmt":"2026-09-04T23:55:05","slug":"ultimo-dia-da-fil-celebra-25-anos-com-helio-de-la-pena-andre-vianco-e-joao-batista-de-andrade","status":"publish","type":"post","link":"https:\/\/redepress.com.br\/noticias\/2026\/09\/ultimo-dia-da-fil-celebra-25-anos-com-helio-de-la-pena-andre-vianco-e-joao-batista-de-andrade\/","title":{"rendered":"\u00daltimo dia da FIL celebra 25 anos com H\u00e9lio de La Pe\u00f1a, Andr\u00e9 Vianco e Jo\u00e3o Batista de Andrade"},"content":{"rendered":"<p>Programa&ccedil;&atilde;o deste s&aacute;bado (5) re&uacute;ne literatura, <a target=\"_blank\" href=\"https:\/\/www.vigilanterodoviario.com.br\/retro\/\">cinema,<\/a> m&uacute;sica, poesia e atividades para crian&ccedil;as e fam&iacute;lias; estandes de livros tamb&eacute;m funcionam ao longo do dia na Pra&ccedil;a XV<\/p>\n<p>Ribeir&atilde;o Preto (SP), 4 de agosto de 2026 &ndash; A 25&ordf; FIL &ndash; Feira Internacional do Livro de Ribeir&atilde;o Preto chega ao &uacute;ltimo dia neste s&aacute;bado, 5 de setembro, com programa&ccedil;&atilde;o que convida o p&uacute;blico a ocupar a regi&atilde;o central desde a manh&atilde;. Literatura, <a target=\"_blank\" href=\"https:\/\/www.vigilanterodoviario.com.br\/retro\/\">cinema,<\/a> poesia falada, m&uacute;sica, cultura popular, atividades infantis e encontros com escritores se distribuem pela Pra&ccedil;a XV de Novembro, Theatro Pedro II, Biblioteca Sinh&aacute; Junqueira, Centro Cultural Palace, MARP e Esplanada do Theatro Pedro II.<\/p>&nbsp;&nbsp;\n<p>Depois de uma semana dedicada ao tema &ldquo;X, Y, Z, Alpha, Beta &ndash; Gera&ccedil;&otilde;es Liter&aacute;rias&rdquo;, o s&aacute;bado encerra uma edi&ccedil;&atilde;o que colocou em circula&ccedil;&atilde;o repert&oacute;rios, hist&oacute;rias e formas de cria&ccedil;&atilde;o associadas a v&aacute;rias gera&ccedil;&otilde;es. A pr&oacute;pria curadoria partiu da ideia de que uma feira contempor&acirc;nea deve criar aproxima&ccedil;&otilde;es entre leitores habituais e aqueles que chegam &agrave; literatura por outros caminhos &mdash; da conta&ccedil;&atilde;o de hist&oacute;rias &agrave;s redes sociais, da oralidade ao audiovisual.<\/p>&nbsp;&nbsp;\n<p>Para Adriana Silva, presidente da Funda&ccedil;&atilde;o do Livro e Leitura de Ribeir&atilde;o Preto e curadora da FIL, o anivers&aacute;rio de 25 edi&ccedil;&otilde;es tamb&eacute;m permite observar a presen&ccedil;a do p&uacute;blico como parte dessa trajet&oacute;ria. &ldquo;A 25&ordf; FIL est&aacute; sendo uma celebra&ccedil;&atilde;o muito viva porque as gera&ccedil;&otilde;es n&atilde;o ficaram apenas no tema; elas estiveram aqui, ocupando os espa&ccedil;os, trazendo suas hist&oacute;rias e seus repert&oacute;rios&rdquo;, afirma.<\/p>&nbsp;&nbsp;\n<p>Segundo a curadora, essa conviv&ecirc;ncia entre p&uacute;blicos tem sido uma das marcas da edi&ccedil;&atilde;o comemorativa. &ldquo;A gente viu crian&ccedil;as, jovens, fam&iacute;lias, leitores que acompanham a feira h&aacute; muitos anos e pessoas chegando pela primeira vez. Tamb&eacute;m recebemos p&uacute;blico da regi&atilde;o metropolitana e visitantes de outras cidades que j&aacute; incluem a FIL em sua agenda cultural.&rdquo;<br>\nAdriana destaca ainda que a trajet&oacute;ria da feira foi constru&iacute;da de forma compartilhada. &ldquo;Isso mostra que esses 25 anos n&atilde;o pertencem somente &agrave; institui&ccedil;&atilde;o que realiza a feira. Eles foram constru&iacute;dos com o p&uacute;blico. E queremos que esse encontro continue at&eacute; a &uacute;ltima atividade de s&aacute;bado.&rdquo;<\/p>\n<p>A percep&ccedil;&atilde;o da curadora aponta que a feira liter&aacute;ria cria oportunidades para que pessoas com experi&ecirc;ncias e modos de leitura distintos possam compartilhar o mesmo espa&ccedil;o. &ldquo;A literatura continua sendo um dos poucos lugares onde diferentes gera&ccedil;&otilde;es conseguem compartilhar uma mesma narrativa sem precisar abrir m&atilde;o de suas pr&oacute;prias experi&ecirc;ncias&rdquo;, comenta.<\/p>&nbsp;&nbsp;\n<p>Manh&atilde; come&ccedil;a com hist&oacute;rias, m&uacute;sica e atividades para fam&iacute;lias<br>\n&Agrave;s 10h, a programa&ccedil;&atilde;o se espalha por v&aacute;rios espa&ccedil;os. No MARP &ndash; Museu de Arte de Ribeir&atilde;o Preto, Mariana Guimar&atilde;es realiza o lan&ccedil;amento de Fio escrita cont&iacute;nua e a a&ccedil;&atilde;o art&iacute;stica &ldquo;Umbigo&rdquo;, a partir de sua pesquisa sobre o fio, pr&aacute;ticas associadas ao feminino e processos coletivos de cria&ccedil;&atilde;o.<\/p>&nbsp;&nbsp;\n<p>Na Tenda Sesc Senac, a atriz e contadora de hist&oacute;rias Ana Lu&iacute;sa Lacombe apresenta &ldquo;E se fosse uma garota?&rdquo;, revisitando contos tradicionais a partir de protagonistas femininas. No Centro Cultural Palace, o projeto Libras na Arte, de Jaboticabal, apresenta &ldquo;Em&iacute;lia vai &agrave; escola&rdquo;, combinando m&uacute;sica, teatro e L&iacute;ngua Brasileira de Sinais em uma narrativa sobre inclus&atilde;o.<br>\n&Agrave;s 10h30, a Banda Sinf&ocirc;nica do Guri e a Orquestra de Cordas do Guri se apresentam no Ambient de Leitura, com jovens m&uacute;sicos de 12 a 18 anos sob reg&ecirc;ncia de Jos&eacute; Matsumoto e Victor Cabral. A Esplanada recebe ainda a interven&ccedil;&atilde;o &ldquo;Cabe&ccedil;as de livro&rdquo;, do Grupo Giralua Teatro, que mistura poemas, can&ccedil;&otilde;es, narrativas e jogos de palavras.<\/p>&nbsp;&nbsp;\n<p>&Agrave;s 11h, o Quintal da Biblioteca Sinh&aacute; Junqueira recebe o Caf&eacute; com Choro da Casa. No audit&oacute;rio da biblioteca, no mesmo hor&aacute;rio, o Autores da Casa promove o bate-papo &ldquo;Gera&ccedil;&otilde;es p&oacute;s-humanas &ndash; literatura, tecnologia e cria&ccedil;&atilde;o&rdquo;, com Regina Baptista, Gisele Amorim Zwicker, Matheus Viana Machado, Aron Hussid Ferreira e Marlene Marques, em uma conversa sobre intelig&ecirc;ncia artificial, cultura digital e produ&ccedil;&atilde;o liter&aacute;ria.<\/p>&nbsp;&nbsp;\n<p>&Agrave;s 12h, o poeta e educador Renan Inqu&eacute;rito conduz o sarau &ldquo;Parada po&eacute;tica&rdquo;, na Tenda Sesc Senac, reunindo rap, poesia e oralidade. Na Pra&ccedil;a XV, o Mosaico dos Bambas leva a percuss&atilde;o e as tradi&ccedil;&otilde;es do samba ao Espa&ccedil;o Favela, da CUFA.<\/p>&nbsp;&nbsp;\n<p><a target=\"_blank\" href=\"https:\/\/www.vigilanterodoviario.com.br\/retro\/\">cinema,<\/a> poesia e cultura popular movimentam a tarde<br>\n&Agrave;s 13h30, a Folia de Reis Irm&atilde;o Adolfo se apresenta no estande da Prefeitura Municipal de Ribeir&atilde;o Preto, na Pra&ccedil;a XV de Novembro, uma a&ccedil;&atilde;o da Secretaria Municipal da Cultura e Turismo.<\/p>&nbsp;&nbsp;\n<p>&Agrave;s 14h, o <a target=\"_blank\" href=\"https:\/\/www.vigilanterodoviario.com.br\/retro\/\">cineasta<\/a> e escritor Jo&atilde;o Batista de Andrade participa do bate-papo &ldquo;Cinema brasileiro&rdquo;, com media&ccedil;&atilde;o de Fernando Kaxassa, na Tenda Sesc Senac, na Esplanada do Theatro Pedro II. O encontro percorre sua trajet&oacute;ria no audiovisual e debate cria&ccedil;&atilde;o, pol&iacute;ticas culturais e os caminhos do cinema nacional.<\/p>&nbsp;&nbsp;\n<p>No mesmo hor&aacute;rio, o Ambient de Leitura recebe o lan&ccedil;amento de Sim, eu sou um Poeta Marginal: Antologia Po&eacute;tica do Slam016, com poemas dos 14 finalistas da primeira edi&ccedil;&atilde;o do Slam016, realizada durante a 23&ordf; FIL. A publica&ccedil;&atilde;o transforma em livro parte da produ&ccedil;&atilde;o surgida nas batalhas de poesia falada da regi&atilde;o.<\/p>&nbsp;&nbsp;\n<p>&Agrave;s 15h, H&eacute;lio de La Pe&ntilde;a participa da Sess&atilde;o Abayomi &ndash; &ldquo;Rir, resistir e ocupar espa&ccedil;os: humor, negritude e cria&ccedil;&atilde;o art&iacute;stica no Brasil&rdquo;, no Audit&oacute;rio Meira Junior do Theatro Pedro II, com media&ccedil;&atilde;o de Helen Cristina Caetano. Ator, roteirista e escritor, ele aborda humor, representatividade, negritude e ocupa&ccedil;&atilde;o de espa&ccedil;os na cultura brasileira a partir de sua trajet&oacute;ria art&iacute;stica.<br>\nTamb&eacute;m &agrave;s 15h, o Ambient de Leitura recebe a final Conex&atilde;o Slam016 &ndash; Gera&ccedil;&atilde;o Poema, reunindo jovens poetas da regi&atilde;o em apresenta&ccedil;&otilde;es de poesia falada. Na Biblioteca Sinh&aacute; Junqueira, leitores participam ainda do encontro da TAG Ribeir&atilde;o.<\/p>&nbsp;&nbsp;\n<p>&Agrave;s 15h30, a Tenda Sesc Senac recebe Andr&eacute; Vianco e Felipe Castilho, com media&ccedil;&atilde;o de Melissa Veludo, para o bate-papo &ldquo;Literatura fant&aacute;stica&rdquo;. Escritor, roteirista, dramaturgo e diretor, Andr&eacute; &eacute; um dos principais nomes da fic&ccedil;&atilde;o fant&aacute;stica brasileira. Autor de 24 livros e com mais de 1 milh&atilde;o de exemplares vendidos, ganhou proje&ccedil;&atilde;o com Os Sete, sua saga de vampiros publicada em 2000. Tamb&eacute;m foi roteirista da Rede Globo e diretor de curtas-metragens. &Agrave; frente da Hardcover, atua na forma&ccedil;&atilde;o de novos escritores. Seu livro mais recente &eacute; Ao Meu Redor, lan&ccedil;ado em 2025.<\/p>&nbsp;&nbsp;\n<p>&Uacute;ltimas horas da FIL passam por mem&oacute;ria, ancestralidade e leitura<br>\n&Agrave;s 16h, a Pra&ccedil;a XV recebe o Clube do Livro FIL, com Maria Lopes, dedicado ao romance Uma delicada cole&ccedil;&atilde;o de aus&ecirc;ncias, de Aline Bei. Na Biblioteca Sinh&aacute; Junqueira, a Sala de Leitura Frida K promove encontro sobre S&aacute;t&aacute;ntang&oacute;, de L&aacute;szl&oacute; Krasznahorkai.<\/p>&nbsp;&nbsp;\n<p>&Agrave;s 17h, a Tenda Sesc Senac recebe Semayat Oliveira e Kwame Yonatan, com media&ccedil;&atilde;o de Simone Oliveira, para o bate-papo &ldquo;Esp&iacute;rito da intimidade&rdquo;, baseado na obra da fil&oacute;sofa africana Sobonfu Som&eacute; e em saberes do povo Dagara.<\/p>&nbsp;&nbsp;\n<p>Na Biblioteca Sinh&aacute; Junqueira, tamb&eacute;m &agrave;s 17h, estudantes, autores e ex-participantes do projeto Era Uma Vez&hellip; Brasil celebram dez anos da iniciativa no lan&ccedil;amento e bate-papo &ldquo;Quem conta a nossa hist&oacute;ria?&rdquo;. O encontro aborda mem&oacute;ria, fazer parte, participa&ccedil;&atilde;o ind&iacute;gena e afro-brasileira na forma&ccedil;&atilde;o do pa&iacute;s e o protagonismo dos jovens na constru&ccedil;&atilde;o de outras narrativas hist&oacute;ricas.<\/p>&nbsp;&nbsp;\n<p>No audit&oacute;rio da biblioteca, o Autores da Casa promove ainda &ldquo;Gera&ccedil;&otilde;es da ancestralidade &ndash; literatura, ra&ccedil;a e mem&oacute;ria&rdquo;, com Aline Rosa Souza, Fernando Alves, Kazady e Pretas D&rsquo;Santos.<\/p>&nbsp;&nbsp;\n<p>M&uacute;sica e teatro encerram a programa&ccedil;&atilde;o<br>\n&Agrave;s 19h, o Centro Cultural Palace recebe o Conjunto Musical Ed Lemos. Na Sala Principal do Theatro Pedro II, a banda Pequeno Cidad&atilde;o e a Cia. de Teatro Pia Fraus apresentam &ldquo;Pirou na Batatinha&rdquo;, espet&aacute;culo que re&uacute;ne m&uacute;sica, teatro e bonecos em uma programa&ccedil;&atilde;o voltada a crian&ccedil;as e adultos.<\/p>&nbsp;&nbsp;\n<p>O espet&aacute;culo marca uma das &uacute;ltimas atividades da programa&ccedil;&atilde;o da edi&ccedil;&atilde;o comemorativa, encerrando uma semana em que literatura, educa&ccedil;&atilde;o e outras linguagens culturais ocuparam o centro de Ribeir&atilde;o Preto e outros pontos da cidade.<\/p>&nbsp;&nbsp;\n<p>&Uacute;ltimo dia tamb&eacute;m &eacute; oportunidade para circular pelos livros<br>\nPara quem pretende aproveitar o s&aacute;bado para conhecer a FIL de forma mais concentrada, a Pra&ccedil;a XV de Novembro funciona como ponto de partida. &Eacute; ali que est&aacute; a Pra&ccedil;a do Leitor, dedicada aos estandes comerciais de livrarias, editoras e distribuidores, al&eacute;m do Autores da Casa, Bibliocasa, Espa&ccedil;o Mude um H&aacute;bito, &Ocirc;nibus Livro Vivo, Usina do Saber, Espa&ccedil;o Favela, estande da FIL, estandes institucionais e da Prefeitura.<\/p>&nbsp;&nbsp;\n<p>Os estandes comerciais funcionam das 8h &agrave;s 20h e re&uacute;nem literatura infantil, romances, quadrinhos, cl&aacute;ssicos, lan&ccedil;amentos e edi&ccedil;&otilde;es para colecionadores. Participam desta edi&ccedil;&atilde;o A Degustadora de Hist&oacute;rias Livraria e Editora, Aquarela Livros, BBK Educacional, Busca Livros, Editora Escala, Editora Sesc Senac, Fanzine, Fio de Prosa, Ler &amp; Cultura, Livraria da Travessa &ndash; livraria oficial da FIL &ndash;, Livrarias Boral&ecirc;, Livro Muito Barato, Livro X, Loma Livraria, Maluco por Leitura, Maxibook Livraria, Paulinas Editora, Paulus, Promolivros, Talan Livros, Toque M&aacute;gico Livros, Y.A. Books e Zaga &amp; Cia.<\/p>&nbsp;&nbsp;\n<p>Tamb&eacute;m na Pra&ccedil;a XV, o Autores da Casa re&uacute;ne obras de escritores independentes, lan&ccedil;amentos, sess&otilde;es de aut&oacute;grafos e comercializa&ccedil;&atilde;o de t&iacute;tulos em parceria com A Degustadora de Hist&oacute;rias. O Mude um H&aacute;bito permite trocar um livro j&aacute; lido por outro dispon&iacute;vel no espa&ccedil;o, enquanto o &Ocirc;nibus Livro Vivo mant&eacute;m um acervo de mais de mil t&iacute;tulos. A Bibliocasa recebe doa&ccedil;&otilde;es de livros em bom estado e integra as a&ccedil;&otilde;es permanentes de circula&ccedil;&atilde;o da leitura.<\/p>&nbsp;&nbsp;\n<p>A proposta, para quem chega no &uacute;ltimo dia, &eacute; combinar a passagem pelos estandes com as atividades realizadas na pr&oacute;pria Pra&ccedil;a XV e seguir a p&eacute; pelo circuito formado pela Esplanada, Theatro Pedro II, Centro Cultural Palace e Biblioteca Sinh&aacute; Junqueira, concentrando boa parte da programa&ccedil;&atilde;o e dos espa&ccedil;os de leitura da FIL.<\/p>&nbsp;&nbsp;\n<p>Todas as atividades da 25&ordf; FIL s&atilde;o gratuitas. Nos espa&ccedil;os abertos, o acesso &eacute; livre; algumas atra&ccedil;&otilde;es realizadas em ambientes fechados podem ter distribui&ccedil;&atilde;o de senhas.<\/p>&nbsp;&nbsp;\n<p>Servi&ccedil;o<br>\n25&ordf; FIL &ndash; Feira Internacional do Livro de Ribeir&atilde;o Preto<br>\nPer&iacute;odo: de 30 de agosto a 5 de setembro de 2026<br>\nPrograma&ccedil;&atilde;o deste release: 5 de setembro, s&aacute;bado, das 8h &agrave;s 20h30<br>\nLocais: mais de 20 locais, com destaque para Pra&ccedil;a XV de Novembro, Esplanada e Theatro Pedro II, Biblioteca Sinh&aacute; Junqueira, Centro Cultural Palace, Cineclube Cauim, Museu Casa da Mem&oacute;ria Italiana e Teatro do Sesi Ribeir&atilde;o Preto<br>\nEntrada: gratuita<br>\nPrograma&ccedil;&atilde;o completa do dia: https:\/\/docs.google.com\/document\/d\/13o6zwyd_9WesOO-2RYeVreGTx8tjE_S5VRtiacvqTGs\/edit?usp=sharing<br>\nMais informa&ccedil;&otilde;es: www.fundacaodolivroeleiturarp.com<\/p>\n<p>Sobre a FIL<br>\nA FIL &ndash; Feira Internacional do Livro de Ribeir&atilde;o Preto chega &agrave; 25&ordf; edi&ccedil;&atilde;o em 2026. Realizada pela Funda&ccedil;&atilde;o do Livro e Leitura de Ribeir&atilde;o Preto, a programa&ccedil;&atilde;o re&uacute;ne debates, encontros com autores nacionais e internacionais, atividades educativas, a&ccedil;&otilde;es de forma&ccedil;&atilde;o de leitores e iniciativas culturais em diferentes espa&ccedil;os da cidade. Ao longo das 24 edi&ccedil;&otilde;es realizadas at&eacute; 2025, a FIL registrou cerca de 7 milh&otilde;es de visitantes e a participa&ccedil;&atilde;o de mais de 3 mil autores. O evento mobiliza estudantes, educadores, escritores e o p&uacute;blico em geral em atividades relacionadas ao livro, &agrave; leitura, &agrave; educa&ccedil;&atilde;o e &agrave; circula&ccedil;&atilde;o de ideias.<\/p>&nbsp;&nbsp;\n<p>A 25&ordf; edi&ccedil;&atilde;o ser&aacute; realizada de 30 de agosto a 5 de setembro de 2026 e ter&aacute; como tema &ldquo;X, Y, Z, Alpha, Beta &ndash; Gera&ccedil;&otilde;es Liter&aacute;rias&rdquo;, com uma programa&ccedil;&atilde;o dedicada &agrave;s diferentes formas de produzir, transmitir e renovar a literatura ao longo do tempo.<\/p>&nbsp;&nbsp;\n<p>Sobre a Funda&ccedil;&atilde;o<br>\nA Funda&ccedil;&atilde;o do Livro e Leitura de Ribeir&atilde;o Preto &eacute; uma entidade de direito privado, sem fins lucrativos, respons&aacute;vel pela realiza&ccedil;&atilde;o da Feira Internacional do Livro de Ribeir&atilde;o Preto e de feiras liter&aacute;rias em munic&iacute;pios do interior paulista.<\/p>&nbsp;&nbsp;\n<p>Al&eacute;m da FIL, desenvolve projetos ligados ao livro e &agrave; leitura, com um calend&aacute;rio de atividades ao longo do ano. A Funda&ccedil;&atilde;o se mant&eacute;m com o apoio de mantenedores e patrocinadores e por meio de recursos de leis e programas de incentivo &agrave; cultura, como a Pol&iacute;tica Nacional Aldir Blanc, o ProAC Editais, a CultSP, a Secretaria da Cultura, Economia e Ind&uacute;stria Criativas do Estado de <a class=\"glossaryLink\"  aria-describedby=\"tt\"  data-cmtooltip=\"cmtt_f40c12796f09aa4446e394ffc30a74f5\"  href=\"https:\/\/redepress.com.br\/noticias\/glossary\/sao-paulo\/\"  data-gt-translate-attributes='[{\"attribute\":\"data-cmtooltip\", \"format\":\"html\"}]'  tabindex='0' role='link'>S&atilde;o Paulo<\/a> e o Minist&eacute;rio da Cultura.<\/p>&nbsp;&nbsp;\n<p>Mais informa&ccedil;&otilde;es:<br>\nwww.fundacaodolivroeleiturarp.com<br>\nInstagram: @fundacaolivrorp<br>\nFacebook: @fundacaodolivroeleiturarp<br>\nYouTube: \/FeiraDoLivroRibeirao<br>\nTwitter: @FundacaoLivroRP<\/p>\n<p>&nbsp;<\/p>\n","protected":false},"excerpt":{"rendered":"<p>Programa&ccedil;&atilde;o deste s&aacute;bado (5) re&uacute;ne literatura, cinema, m&uacute;sica, poesia e atividades para crian&ccedil;as e fam&iacute;lias; estandes&hellip;<\/p>\n","protected":false},"author":2,"featured_media":604675,"comment_status":"closed","ping_status":"closed","sticky":false,"template":"","format":"standard","meta":{"advanced_seo_description":"","jetpack_seo_html_title":"","jetpack_seo_noindex":false,"jetpack_seo_schema_type":"","_jetpack_newsletter_access":"","_jetpack_dont_email_post_to_subs":false,"_jetpack_newsletter_tier_id":0,"_jetpack_memberships_contains_paywalled_content":false,"fifu_image_url":"","fifu_image_alt":"","_jetpack_memberships_contains_paid_content":false,"footnotes":""},"categories":[21201,1],"tags":[],"class_list":["post-604676","post","type-post","status-publish","format-standard","has-post-thumbnail","hentry","category-destaques","category-eventos","wpcat-21201-id","wpcat-1-id"],"jetpack_sharing_enabled":true,"jetpack-related-posts":[],"jetpack_featured_media_url":"https:\/\/i0.wp.com\/redepress.com.br\/noticias\/wp-content\/uploads\/2026\/09\/Projeto-Guri.jpeg?fit=1372%2C656&ssl=1","_links":{"self":[{"href":"https:\/\/redepress.com.br\/noticias\/wp-json\/wp\/v2\/posts\/604676","targetHints":{"allow":["GET"]}}],"collection":[{"href":"https:\/\/redepress.com.br\/noticias\/wp-json\/wp\/v2\/posts"}],"about":[{"href":"https:\/\/redepress.com.br\/noticias\/wp-json\/wp\/v2\/types\/post"}],"author":[{"embeddable":true,"href":"https:\/\/redepress.com.br\/noticias\/wp-json\/wp\/v2\/users\/2"}],"replies":[{"embeddable":true,"href":"https:\/\/redepress.com.br\/noticias\/wp-json\/wp\/v2\/comments?post=604676"}],"version-history":[{"count":1,"href":"https:\/\/redepress.com.br\/noticias\/wp-json\/wp\/v2\/posts\/604676\/revisions"}],"predecessor-version":[{"id":605745,"href":"https:\/\/redepress.com.br\/noticias\/wp-json\/wp\/v2\/posts\/604676\/revisions\/605745"}],"wp:featuredmedia":[{"embeddable":true,"href":"https:\/\/redepress.com.br\/noticias\/wp-json\/wp\/v2\/media\/604675"}],"wp:attachment":[{"href":"https:\/\/redepress.com.br\/noticias\/wp-json\/wp\/v2\/media?parent=604676"}],"wp:term":[{"taxonomy":"category","embeddable":true,"href":"https:\/\/redepress.com.br\/noticias\/wp-json\/wp\/v2\/categories?post=604676"},{"taxonomy":"post_tag","embeddable":true,"href":"https:\/\/redepress.com.br\/noticias\/wp-json\/wp\/v2\/tags?post=604676"}],"curies":[{"name":"wp","href":"https:\/\/api.w.org\/{rel}","templated":true}]}}