{"id":591392,"date":"2026-08-27T18:20:25","date_gmt":"2026-08-27T18:20:25","guid":{"rendered":"https:\/\/redepress.com.br\/noticias\/?p=591392"},"modified":"2026-08-27T21:01:35","modified_gmt":"2026-08-27T21:01:35","slug":"calceleve-outlet-reune-grandes-marcas-de-calcados-e-acessorios-com-ate-70-de-desconto","status":"publish","type":"post","link":"https:\/\/redepress.com.br\/noticias\/2026\/08\/calceleve-outlet-reune-grandes-marcas-de-calcados-e-acessorios-com-ate-70-de-desconto\/","title":{"rendered":"Calce&amp;Leve Outlet re\u00fane grandes marcas de cal\u00e7ados e acess\u00f3rios com at\u00e9 70% de desconto"},"content":{"rendered":"<p><i><span style=\"font-weight: 400\">Evento acontece de 27 a 30 de agosto, na Pra&ccedil;a de Eventos do Catua&iacute; Shopping Londrina, com descontos em marcas como Arezzo, Capodarte, Democrata e Luiza Barcelos<\/span><\/i><\/p>\n<p><span style=\"font-weight: 400\">De 27 a 30 de agosto, o Catua&iacute; Shopping Londrina recebe o <\/span><b>Calce&amp;Leve Outlet<\/b><span style=\"font-weight: 400\">, uma oportunidade para quem busca cal&ccedil;ados e acess&oacute;rios de grandes marcas com pre&ccedil;os especiais. O evento acontece na Pra&ccedil;a de Eventos e re&uacute;ne op&ccedil;&otilde;es para diferentes estilos, com descontos de at&eacute; 70%.<\/span><\/p>\n<p><span style=\"font-weight: 400\">Entre as marcas participantes est&atilde;o <\/span><b>Arezzo, Capodarte, Democrata, Luiza Barcelos, Pedicelo, Sapattaria, Urban Feet, Morana, Uza e Ver&ocirc;nica Wismeck, todas<\/b><span style=\"font-weight: 400\"> j&aacute; presentes no mix de lojas do shopping.<\/span><\/p>\n<p><span style=\"font-weight: 400\">A proposta do Calce&amp;Leve Outlet &eacute; reunir, em um s&oacute; espa&ccedil;o, uma variedade de produtos e marcas conhecidas, proporcionando aos clientes a oportunidade de renovar o guarda-roupa e encontrar pe&ccedil;as para diferentes ocasi&otilde;es, aproveitando condi&ccedil;&otilde;es especiais durante os quatro dias de evento. Al&eacute;m de itens da atual esta&ccedil;&atilde;o, tamb&eacute;m v&atilde;o estar com descontos sand&aacute;lias, rasteirinhas e cal&ccedil;ados que costumam ter maior procura na primavera e no ver&atilde;o.<\/span><\/p>\n<p><b>SERVI&Ccedil;O<\/b><\/p>\n<p><span style=\"font-weight: 400\">Calce&amp;Leve Outlet<\/span><\/p>\n<p><span style=\"font-weight: 400\">Quando: de 27 a 30 de agosto<\/span><\/p>\n<p><span style=\"font-weight: 400\">Local: Pra&ccedil;a de Eventos do Catua&iacute;&nbsp;<\/span><\/p>\n","protected":false},"excerpt":{"rendered":"<p>Evento acontece de 27 a 30 de agosto, na Pra&ccedil;a de Eventos do Catua&iacute; Shopping Londrina,&hellip;<\/p>\n","protected":false},"author":2,"featured_media":0,"comment_status":"closed","ping_status":"closed","sticky":false,"template":"","format":"standard","meta":{"advanced_seo_description":"","jetpack_seo_html_title":"","jetpack_seo_noindex":false,"jetpack_seo_schema_type":"","_jetpack_newsletter_access":"","_jetpack_dont_email_post_to_subs":false,"_jetpack_newsletter_tier_id":0,"_jetpack_memberships_contains_paywalled_content":false,"fifu_image_url":"","fifu_image_alt":"","_jetpack_memberships_contains_paid_content":false,"footnotes":""},"categories":[21201,1],"tags":[34787],"class_list":["post-591392","post","type-post","status-publish","format-standard","hentry","category-destaques","category-eventos","tag-catuai-shopping-londrina","wpcat-21201-id","wpcat-1-id"],"jetpack_sharing_enabled":true,"jetpack-related-posts":[],"jetpack_featured_media_url":"","_links":{"self":[{"href":"https:\/\/redepress.com.br\/noticias\/wp-json\/wp\/v2\/posts\/591392","targetHints":{"allow":["GET"]}}],"collection":[{"href":"https:\/\/redepress.com.br\/noticias\/wp-json\/wp\/v2\/posts"}],"about":[{"href":"https:\/\/redepress.com.br\/noticias\/wp-json\/wp\/v2\/types\/post"}],"author":[{"embeddable":true,"href":"https:\/\/redepress.com.br\/noticias\/wp-json\/wp\/v2\/users\/2"}],"replies":[{"embeddable":true,"href":"https:\/\/redepress.com.br\/noticias\/wp-json\/wp\/v2\/comments?post=591392"}],"version-history":[{"count":1,"href":"https:\/\/redepress.com.br\/noticias\/wp-json\/wp\/v2\/posts\/591392\/revisions"}],"predecessor-version":[{"id":591562,"href":"https:\/\/redepress.com.br\/noticias\/wp-json\/wp\/v2\/posts\/591392\/revisions\/591562"}],"wp:attachment":[{"href":"https:\/\/redepress.com.br\/noticias\/wp-json\/wp\/v2\/media?parent=591392"}],"wp:term":[{"taxonomy":"category","embeddable":true,"href":"https:\/\/redepress.com.br\/noticias\/wp-json\/wp\/v2\/categories?post=591392"},{"taxonomy":"post_tag","embeddable":true,"href":"https:\/\/redepress.com.br\/noticias\/wp-json\/wp\/v2\/tags?post=591392"}],"curies":[{"name":"wp","href":"https:\/\/api.w.org\/{rel}","templated":true}]}}