{"id":575295,"date":"2026-08-17T10:13:08","date_gmt":"2026-08-17T10:13:08","guid":{"rendered":"https:\/\/redepress.com.br\/noticias\/?p=575295"},"modified":"2026-08-17T13:05:20","modified_gmt":"2026-08-17T13:05:20","slug":"dia-c-levara-servicos-cuidado-e-cooperacao-ao-residencial-paraiso-no-gama","status":"publish","type":"post","link":"https:\/\/redepress.com.br\/noticias\/2026\/08\/dia-c-levara-servicos-cuidado-e-cooperacao-ao-residencial-paraiso-no-gama\/","title":{"rendered":"Dia C levar\u00e1 servi\u00e7os, cuidado e coopera\u00e7\u00e3o ao Residencial Para\u00edso, no Gama"},"content":{"rendered":"<p>Promovido pelo Sistema OCB\/DF &eacute; um convite aos moradores para uma tarde de atendimentos, orienta&ccedil;&otilde;es e atividades<\/p>\n<p>O Residencial Para&iacute;so, na regi&atilde;o da Ponte Alta, no Gama, receber&aacute;, no dia 29 de agosto, uma edi&ccedil;&atilde;o especial do Dia de Cooperar, conhecido como Dia C. Promovido pelo Sistema OCB\/DF, o evento ser&aacute; realizado a partir de 13h e reunir&aacute; cooperativas, parceiros e volunt&aacute;rios em uma programa&ccedil;&atilde;o voltada aos moradores da comunidade.<\/p>&nbsp;&nbsp;\n<p>O Dia C &eacute; uma mobiliza&ccedil;&atilde;o nacional do cooperativismo brasileiro que re&uacute;ne cooperativas, cooperados, colaboradores e volunt&aacute;rios em a&ccedil;&otilde;es destinadas ao desenvolvimento das comunidades. A iniciativa coloca em pr&aacute;tica o princ&iacute;pio cooperativista do Interesse pela Comunidade por meio de atividades de voluntariado e projetos de impacto social e ambiental realizados em diferentes regi&otilde;es do pa&iacute;s.<\/p>&nbsp;&nbsp;\n<p>Em 2025, a mobiliza&ccedil;&atilde;o alcan&ccedil;ou cerca de 4 milh&otilde;es de pessoas em todo o Brasil. Segundo dados do Sistema OCB, 1.091 cooperativas participaram de 8.215 a&ccedil;&otilde;es sociais, que mobilizaram aproximadamente 174 mil volunt&aacute;rios em 2.211 munic&iacute;pios brasileiros. As iniciativas estiveram relacionadas aos 17 Objetivos de Desenvolvimento Sustent&aacute;vel (ODS), com destaque para a&ccedil;&otilde;es de Sa&uacute;de e Bem-Estar, Educa&ccedil;&atilde;o de Qualidade e Parcerias e Meios de Implementa&ccedil;&atilde;o.<\/p>&nbsp;&nbsp;\n<p>No Distrito Federal, a edi&ccedil;&atilde;o de 2025 reuniu cooperativas, lideran&ccedil;as, volunt&aacute;rios e moradores em Planaltina. A programa&ccedil;&atilde;o contou com oficinas e atividades educativas, atendimentos &agrave; popula&ccedil;&atilde;o, rodas de conversa, a&ccedil;&otilde;es culturais e iniciativas relacionadas aos Objetivos de Desenvolvimento Sustent&aacute;vel, aproximando o cooperativismo da comunidade por meio de a&ccedil;&otilde;es pr&aacute;ticas de impacto social.<\/p>&nbsp;&nbsp;\n<p>Neste ano, o Residencial Para&iacute;so ser&aacute; o ponto de encontro dessa mobiliza&ccedil;&atilde;o no DF. Ao longo da tarde, ser&atilde;o oferecidos servi&ccedil;os e atividades gratuitas aos participantes. A programa&ccedil;&atilde;o ter&aacute; iniciativas direcionadas a crian&ccedil;as, jovens, adultos e idosos. Entre as atividades previstas est&atilde;o atendimentos b&aacute;sicos na &aacute;rea de sa&uacute;de, orienta&ccedil;&otilde;es sobre alimenta&ccedil;&atilde;o, sa&uacute;de mental e educa&ccedil;&atilde;o financeira, a&ccedil;&otilde;es de conscientiza&ccedil;&atilde;o ambiental, oficinas com materiais recicl&aacute;veis, conta&ccedil;&atilde;o de hist&oacute;rias, atividades educativas e servi&ccedil;os de cuidado pessoal.<\/p>&nbsp;&nbsp;\n<p>O presidente do Sistema OCB\/DF, Remy Gorga Neto, destaca que a realiza&ccedil;&atilde;o do Dia C no Residencial Para&iacute;so busca aproximar o cooperativismo dos moradores e contribuir diretamente com o desenvolvimento local.<\/p>&nbsp;&nbsp;\n<p>&ldquo;Levar o Dia C ao Residencial Para&iacute;so &eacute; uma forma de transformar os princ&iacute;pios do cooperativismo em a&ccedil;&otilde;es concretas. Queremos que os moradores participem, conhe&ccedil;am os servi&ccedil;os oferecidos e vivenciem uma tarde de cuidado, informa&ccedil;&atilde;o, solidariedade e coopera&ccedil;&atilde;o&rdquo;, afirma.<\/p>&nbsp;&nbsp;\n<p>A edi&ccedil;&atilde;o de 2026 j&aacute; re&uacute;ne 16 cooperativas, al&eacute;m de institui&ccedil;&otilde;es parceiras que contribuir&atilde;o com profissionais, volunt&aacute;rios e atividades para a comunidade.<\/p>&nbsp;&nbsp;\n<p>Servi&ccedil;o<br>\nDia de Cooperar 2026, Dia C<br>\nData: 29 de agosto de 2026, s&aacute;bado<br>\nHor&aacute;rio: das 13h &agrave;s 18h<br>\nLocal: Residencial Para&iacute;so, Ponte Alta, Gama\/DF<\/p>\n","protected":false},"excerpt":{"rendered":"<p>Promovido pelo Sistema OCB\/DF &eacute; um convite aos moradores para uma tarde de atendimentos, orienta&ccedil;&otilde;es e&hellip;<\/p>\n","protected":false},"author":2,"featured_media":575294,"comment_status":"closed","ping_status":"closed","sticky":false,"template":"","format":"standard","meta":{"advanced_seo_description":"","jetpack_seo_html_title":"","jetpack_seo_noindex":false,"jetpack_seo_schema_type":"","_jetpack_newsletter_access":"","_jetpack_dont_email_post_to_subs":false,"_jetpack_newsletter_tier_id":0,"_jetpack_memberships_contains_paywalled_content":false,"fifu_image_url":"","fifu_image_alt":"","_jetpack_memberships_contains_paid_content":false,"footnotes":""},"categories":[21201,1],"tags":[35605,41230,13635,999],"class_list":["post-575295","post","type-post","status-publish","format-standard","has-post-thumbnail","hentry","category-destaques","category-eventos","tag-comunidade","tag-cooperados","tag-cooperativismo","tag-desenvolvimento","wpcat-21201-id","wpcat-1-id"],"jetpack_sharing_enabled":true,"jetpack-related-posts":[],"jetpack_featured_media_url":"https:\/\/i0.wp.com\/redepress.com.br\/noticias\/wp-content\/uploads\/2026\/08\/sescoop_1408-2.jpg?fit=1080%2C1080&ssl=1","_links":{"self":[{"href":"https:\/\/redepress.com.br\/noticias\/wp-json\/wp\/v2\/posts\/575295","targetHints":{"allow":["GET"]}}],"collection":[{"href":"https:\/\/redepress.com.br\/noticias\/wp-json\/wp\/v2\/posts"}],"about":[{"href":"https:\/\/redepress.com.br\/noticias\/wp-json\/wp\/v2\/types\/post"}],"author":[{"embeddable":true,"href":"https:\/\/redepress.com.br\/noticias\/wp-json\/wp\/v2\/users\/2"}],"replies":[{"embeddable":true,"href":"https:\/\/redepress.com.br\/noticias\/wp-json\/wp\/v2\/comments?post=575295"}],"version-history":[{"count":0,"href":"https:\/\/redepress.com.br\/noticias\/wp-json\/wp\/v2\/posts\/575295\/revisions"}],"wp:featuredmedia":[{"embeddable":true,"href":"https:\/\/redepress.com.br\/noticias\/wp-json\/wp\/v2\/media\/575294"}],"wp:attachment":[{"href":"https:\/\/redepress.com.br\/noticias\/wp-json\/wp\/v2\/media?parent=575295"}],"wp:term":[{"taxonomy":"category","embeddable":true,"href":"https:\/\/redepress.com.br\/noticias\/wp-json\/wp\/v2\/categories?post=575295"},{"taxonomy":"post_tag","embeddable":true,"href":"https:\/\/redepress.com.br\/noticias\/wp-json\/wp\/v2\/tags?post=575295"}],"curies":[{"name":"wp","href":"https:\/\/api.w.org\/{rel}","templated":true}]}}