{"id":553456,"date":"2026-07-29T21:03:58","date_gmt":"2026-07-29T21:03:58","guid":{"rendered":"https:\/\/redepress.com.br\/noticias\/?p=553456"},"modified":"2026-07-29T22:12:26","modified_gmt":"2026-07-29T22:12:26","slug":"injustica-climatica-no-brasil-afeta-a-mesa-nao-pela-falta-de-alimentos-mas-pela-alta-de-precos-aponta-estudo-da-unifesp","status":"publish","type":"post","link":"https:\/\/redepress.com.br\/noticias\/2026\/07\/injustica-climatica-no-brasil-afeta-a-mesa-nao-pela-falta-de-alimentos-mas-pela-alta-de-precos-aponta-estudo-da-unifesp\/","title":{"rendered":"&#8220;Injusti\u00e7a clim\u00e1tica&#8221; no Brasil afeta a mesa n\u00e3o pela falta de alimentos, mas pela alta de pre\u00e7os, aponta estudo da Unifesp"},"content":{"rendered":"<p>Publicada na revista Global Food Security, pesquisa mostra que eventos extremos disparam a volatilidade de pre&ccedil;os e a infla&ccedil;&atilde;o alimentar, penalizando fam&iacute;lias de baixa renda e periferias<\/p>\n<p>O impacto das mudan&ccedil;as clim&aacute;ticas na seguran&ccedil;a alimentar do Brasil opera de maneira muito mais complexa e perversa do que a simples escassez f&iacute;sica de comida nos supermercados e feiras. &Eacute; o que revela um estudo (https:\/\/www.sciencedirect.com\/science\/article\/pii\/S2211912426000349?via%3Dihub), rec&eacute;m-publicado na revista cient&iacute;fica Global Food Security. <\/p>\n<p>A pesquisa demonstra que o aquecimento global atua como um potente amplificador das desigualdades sociais e estruturais do pa&iacute;s. Em vez de provocar apenas desabastecimento generalizado, os eventos clim&aacute;ticos extremos (como secas prolongadas, enchentes e ondas de calor) desorganizam as cadeias de transporte, distribui&ccedil;&atilde;o e log&iacute;stica, desencadeando disparadas nos pre&ccedil;os e volatilidade no mercado.<\/p>&nbsp;&nbsp;\n<p>Embora a crise seja nacional, o estudo assinado pela professora Ana Rojas Acosta, do Centro de Desenvolvimento do Ensino Superior em Sa&uacute;de (Cedess) da Universidade Federal de <a class=\"glossaryLink\"  aria-describedby=\"tt\"  data-cmtooltip=\"cmtt_f40c12796f09aa4446e394ffc30a74f5\"  href=\"https:\/\/redepress.com.br\/noticias\/glossary\/sao-paulo\/\"  data-gt-translate-attributes='[{\"attribute\":\"data-cmtooltip\", \"format\":\"html\"}]'  tabindex='0' role='link'>S&atilde;o Paulo<\/a> (Unifesp), em parceria com Sonia Tello Rozas, da Universit&eacute; du Qu&eacute;bec &agrave; Montr&eacute;al (UQAM), detalha como os eventos clim&aacute;ticos extremos atingem o pa&iacute;s de formas distintas dependendo do territ&oacute;rio.<\/p>&nbsp;&nbsp;\n<p>Enquanto no Nordeste (89%) e no Centro-Oeste (65%) as secas prolongadas s&atilde;o apontadas pelos especialistas como a principal amea&ccedil;a &agrave;s safras e ao abastecimento, no Sudeste (62%) a maior preocupa&ccedil;&atilde;o concentra-se nas inunda&ccedil;&otilde;es e enchentes, que destroem infraestruturas de transporte e causam perdas imediatas na distribui&ccedil;&atilde;o de alimentos. O resultado desse arranjo &eacute; o comprometimento direto do acesso econ&ocirc;mico ao alimento: a comida continua existindo, mas torna-se inacess&iacute;vel para quem tem menor poder de compra.<\/p>&nbsp;&nbsp;\n<p>Com base em uma metodologia mista que consultou quase uma centena de especialistas e gestores(as) p&uacute;blicos(as) de sistemas alimentares em todas as regi&otilde;es do Brasil, o levantamento aponta que entre 78% e 86% dos(as) analistas identificam o encarecimento dos alimentos e a perda de renda como os principais canais de transmiss&atilde;o da crise clim&aacute;tica para a mesa da popula&ccedil;&atilde;o.<\/p>&nbsp;&nbsp;\n<p>O estudo enfatiza o conceito de &ldquo;injusti&ccedil;a clim&aacute;tica&rdquo;: popula&ccedil;&otilde;es de baixa renda, agricultores(as) familiares, comunidades rurais e moradores(as) de periferias urbanas s&atilde;o os grupos mais penalizados pela degrada&ccedil;&atilde;o do clima, embora sejam historicamente os que menos contribuem para a emiss&atilde;o de gases de efeito estufa. Para cerca de 97% dos(as) profissionais ouvidos(as), a garantia da justi&ccedil;a social &eacute; uma condi&ccedil;&atilde;o indispens&aacute;vel para assegurar o direito &agrave; alimenta&ccedil;&atilde;o diante da emerg&ecirc;ncia ambiental.<\/p>&nbsp;&nbsp;\n<p>&ldquo;A fome induzida pelo clima no Brasil n&atilde;o &eacute; um problema estritamente t&eacute;cnico ou de produtividade agr&iacute;cola; &eacute; um problema econ&ocirc;mico, pol&iacute;tico e de direitos humanos&rdquo;, avalia a professora Ana Rojas. &ldquo;As fam&iacute;lias mais vulner&aacute;veis j&aacute; comprometem a maior parte de seu or&ccedil;amento com comida. Quando um evento extremo destr&oacute;i estradas ou reduz safras regionais, o repasse de custos &eacute; imediato, e o poder de compra dessas pessoas desaba&rdquo;.<\/p>&nbsp;&nbsp;\n<p>Os limites da a&ccedil;&atilde;o comunit&aacute;ria sem apoio estatal<br>\nA pesquisa tamb&eacute;m aborda o papel da governan&ccedil;a p&uacute;blica e os gargalos institucionais. Embora reconhe&ccedil;a a relev&acirc;ncia de iniciativas comunit&aacute;rias de resist&ecirc;ncia (hortas urbanas, cozinhas solid&aacute;rias, feiras agroecol&oacute;gicas e bancos de alimentos), a autora alerta para o risco de transferir a responsabilidade da adapta&ccedil;&atilde;o para as pr&oacute;prias comunidades vulner&aacute;veis.<\/p>&nbsp;&nbsp;\n<p>A aus&ecirc;ncia de uma coordena&ccedil;&atilde;o estatal cont&iacute;nua e integrada entre as pol&iacute;ticas de combate &agrave;s mudan&ccedil;as clim&aacute;ticas, agricultura familiar e assist&ecirc;ncia social faz com que as a&ccedil;&otilde;es locais fiquem limitadas e sem financiamento est&aacute;vel.<\/p>&nbsp;&nbsp;\n<p>&ldquo;N&atilde;o se pode romantizar a capacidade de lidar com as adversidades comunit&aacute;ria. Sem prote&ccedil;&atilde;o social e pol&iacute;ticas de Estado que regulem e protejam os pre&ccedil;os e a distribui&ccedil;&atilde;o, abandonar as periferias &agrave; pr&oacute;pria sorte gera o que chamamos de &lsquo;capacidade de lidar com as adversidades por abandono'&rdquo;, alerta a professora.<\/p>&nbsp;&nbsp;\n<p>A pesquisa conclui que o Brasil, um dos maiores produtores de alimentos do mundo e, ao mesmo tempo, um pa&iacute;s marcado por profundas assimetrias regionais, serve como um alerta cr&iacute;tico para todo o Sul Global. Para enfrentar o cen&aacute;rio de incertezas clim&aacute;ticas, o estudo defende que as pol&iacute;ticas de adapta&ccedil;&atilde;o precisam superar o foco exclusivo no aumento da produtividade do agroneg&oacute;cio e priorizar redes de distribui&ccedil;&atilde;o, estoques reguladores, fortalecimento da agricultura familiar e transfer&ecirc;ncia de renda.<\/p>&nbsp;&nbsp;\n","protected":false},"excerpt":{"rendered":"<p>Publicada na revista Global Food Security, pesquisa mostra que eventos extremos disparam a volatilidade de pre&ccedil;os&hellip;<\/p>\n","protected":false},"author":2,"featured_media":0,"comment_status":"closed","ping_status":"closed","sticky":false,"template":"","format":"standard","meta":{"advanced_seo_description":"","jetpack_seo_html_title":"","jetpack_seo_noindex":false,"jetpack_seo_schema_type":"","_jetpack_newsletter_access":"","_jetpack_dont_email_post_to_subs":false,"_jetpack_newsletter_tier_id":0,"_jetpack_memberships_contains_paywalled_content":false,"fifu_image_url":"","fifu_image_alt":"","_jetpack_memberships_contains_paid_content":false,"footnotes":""},"categories":[21201,20904],"tags":[2281,35170,37644,17087],"class_list":["post-553456","post","type-post","status-publish","format-standard","hentry","category-destaques","category-mercado","tag-clima","tag-comida","tag-escassez","tag-seguranca-alimentar","wpcat-21201-id","wpcat-20904-id"],"jetpack_sharing_enabled":true,"jetpack-related-posts":[],"jetpack_featured_media_url":"","_links":{"self":[{"href":"https:\/\/redepress.com.br\/noticias\/wp-json\/wp\/v2\/posts\/553456","targetHints":{"allow":["GET"]}}],"collection":[{"href":"https:\/\/redepress.com.br\/noticias\/wp-json\/wp\/v2\/posts"}],"about":[{"href":"https:\/\/redepress.com.br\/noticias\/wp-json\/wp\/v2\/types\/post"}],"author":[{"embeddable":true,"href":"https:\/\/redepress.com.br\/noticias\/wp-json\/wp\/v2\/users\/2"}],"replies":[{"embeddable":true,"href":"https:\/\/redepress.com.br\/noticias\/wp-json\/wp\/v2\/comments?post=553456"}],"version-history":[{"count":0,"href":"https:\/\/redepress.com.br\/noticias\/wp-json\/wp\/v2\/posts\/553456\/revisions"}],"wp:attachment":[{"href":"https:\/\/redepress.com.br\/noticias\/wp-json\/wp\/v2\/media?parent=553456"}],"wp:term":[{"taxonomy":"category","embeddable":true,"href":"https:\/\/redepress.com.br\/noticias\/wp-json\/wp\/v2\/categories?post=553456"},{"taxonomy":"post_tag","embeddable":true,"href":"https:\/\/redepress.com.br\/noticias\/wp-json\/wp\/v2\/tags?post=553456"}],"curies":[{"name":"wp","href":"https:\/\/api.w.org\/{rel}","templated":true}]}}