{"id":526731,"date":"2026-06-17T15:37:35","date_gmt":"2026-06-17T15:37:35","guid":{"rendered":"https:\/\/redepress.com.br\/noticias\/?p=526731"},"modified":"2026-06-18T11:22:08","modified_gmt":"2026-06-18T11:22:08","slug":"jardim-criativo-leva-arte-afeto-e-produtos-feitos-a-mao-ao-americana-shopping-neste-proximo-sabado-dia-20-de-junho","status":"publish","type":"post","link":"https:\/\/redepress.com.br\/noticias\/2026\/06\/jardim-criativo-leva-arte-afeto-e-produtos-feitos-a-mao-ao-americana-shopping-neste-proximo-sabado-dia-20-de-junho\/","title":{"rendered":"Jardim Criativo leva arte, afeto e produtos feitos \u00e0 m\u00e3o ao Americana Shopping neste pr\u00f3ximo s\u00e1bado, dia 20 de junho"},"content":{"rendered":"<p>O Americana Shopping recebe neste s&aacute;bado, 20 de junho, a feira Jardim Criativo. A iniciativa re&uacute;ne talentos locais e empreendedores criativos que transformam t&eacute;cnicas manuais em pe&ccedil;as exclusivas para presentear, decorar e encantar.<br>\nRealizada em parceria com o coletivo Jardim Criativo, a feira ser&aacute; realizada das 11h &agrave;s 21h, e os clientes poder&atilde;o conhecer e adquirir uma variedade de produtos artesanais que unem criatividade, originalidade e afeto em um s&oacute; lugar.<br>\nEntre os artigos dispon&iacute;veis estar&atilde;o bolsas de croch&ecirc; em fio de malha e fio n&aacute;utico, camas pet, vasos de cer&acirc;mica e cimento com plantas, la&ccedil;os e tiaras, bonecas de pano, amigurumis, velas artesanais, sabonetes e home sprays, encaderna&ccedil;&atilde;o manual, biojoias, joias em macram&ecirc; e biscoitos sem gl&uacute;ten e sem lactose.<br>\nAl&eacute;m de valorizar o trabalho artesanal, a feira proporciona uma experi&ecirc;ncia de compra diferenciada, aproximando os visitantes de hist&oacute;rias, processos criativos e produtos produzidos manualmente com aten&ccedil;&atilde;o aos detalhes.<br>\nDe acordo com Priscila Fronza Cordeiro, organizadora da feira e coordenadora do Coletivo Jardim Criativo, ser&atilde;o 14 expositores no evento, cada um representando um segmento diferente do artesanato, oferecendo produtos exclusivos e autorais. &ldquo;Nossa expectativa &eacute; receber um grande p&uacute;blico ao longo do dia e proporcionar aos visitantes uma experi&ecirc;ncia diferenciada, valorizando o artesanato local e o empreendedorismo feminino. Al&eacute;m disso, a feira marcar&aacute; a apresenta&ccedil;&atilde;o do Coletivo Jardim Criativo ao p&uacute;blico do Americana Shopping, antecipando a chegada da futura loja colaborativa do grupo&rdquo;, adianta.<br>\n&ldquo;A Jardim Criativo &eacute; uma oportunidade de conectar nossos clientes com o trabalho de artes&atilde;os e empreendedores que colocam carinho e autenticidade em cada pe&ccedil;a produzida. &Eacute; uma feira que oferecendo op&ccedil;&otilde;es &uacute;nicas para quem busca presentes especiais, itens de decora&ccedil;&atilde;o ou simplesmente deseja conhecer talentos da nossa regi&atilde;o&rdquo;, destaca Simone Ponce, Gerente de Marketing do Americana Shopping.<br>\nSobre o Americana Shopping<br>\nRefer&ecirc;ncia em compras, servi&ccedil;os, gastronomia e lazer, o Americana Shopping re&uacute;ne marcas de diversos segmentos e oferece uma experi&ecirc;ncia completa para clientes de Americana e regi&atilde;o. Com constante investimento em inova&ccedil;&atilde;o e conveni&ecirc;ncia, o empreendimento segue ampliando seu portf&oacute;lio de atra&ccedil;&otilde;es e servi&ccedil;os para atender &agrave;s expectativas do p&uacute;blico.<br>\nServi&ccedil;o<br>\nFeira Jardim Criativo no America Shopping<br>\nData: 20 de junho<br>\nHor&aacute;rio: das 11h &agrave;s 21h<br>\nLocal: ao lado da loja O Botic&aacute;rio.<br>\nEntrada: Gratuita.<\/p>&nbsp;&nbsp;\n","protected":false},"excerpt":{"rendered":"<p>O Americana Shopping recebe neste s&aacute;bado, 20 de junho, a feira Jardim Criativo. A iniciativa re&uacute;ne&hellip;<\/p>\n","protected":false},"author":2,"featured_media":526730,"comment_status":"closed","ping_status":"closed","sticky":false,"template":"","format":"standard","meta":{"advanced_seo_description":"","jetpack_seo_html_title":"","jetpack_seo_noindex":false,"jetpack_seo_schema_type":"","_jetpack_newsletter_access":"","_jetpack_dont_email_post_to_subs":false,"_jetpack_newsletter_tier_id":0,"_jetpack_memberships_contains_paywalled_content":false,"fifu_image_url":"","fifu_image_alt":"","_jetpack_memberships_contains_paid_content":false,"footnotes":""},"categories":[21201,1],"tags":[],"class_list":["post-526731","post","type-post","status-publish","format-standard","has-post-thumbnail","hentry","category-destaques","category-eventos","wpcat-21201-id","wpcat-1-id"],"jetpack_sharing_enabled":true,"jetpack-related-posts":[],"jetpack_featured_media_url":"https:\/\/i0.wp.com\/redepress.com.br\/noticias\/wp-content\/uploads\/2026\/06\/WhatsApp-Image-2026-06-16-at-15.26.55.jpeg?fit=1024%2C1536&ssl=1","_links":{"self":[{"href":"https:\/\/redepress.com.br\/noticias\/wp-json\/wp\/v2\/posts\/526731","targetHints":{"allow":["GET"]}}],"collection":[{"href":"https:\/\/redepress.com.br\/noticias\/wp-json\/wp\/v2\/posts"}],"about":[{"href":"https:\/\/redepress.com.br\/noticias\/wp-json\/wp\/v2\/types\/post"}],"author":[{"embeddable":true,"href":"https:\/\/redepress.com.br\/noticias\/wp-json\/wp\/v2\/users\/2"}],"replies":[{"embeddable":true,"href":"https:\/\/redepress.com.br\/noticias\/wp-json\/wp\/v2\/comments?post=526731"}],"version-history":[{"count":0,"href":"https:\/\/redepress.com.br\/noticias\/wp-json\/wp\/v2\/posts\/526731\/revisions"}],"wp:featuredmedia":[{"embeddable":true,"href":"https:\/\/redepress.com.br\/noticias\/wp-json\/wp\/v2\/media\/526730"}],"wp:attachment":[{"href":"https:\/\/redepress.com.br\/noticias\/wp-json\/wp\/v2\/media?parent=526731"}],"wp:term":[{"taxonomy":"category","embeddable":true,"href":"https:\/\/redepress.com.br\/noticias\/wp-json\/wp\/v2\/categories?post=526731"},{"taxonomy":"post_tag","embeddable":true,"href":"https:\/\/redepress.com.br\/noticias\/wp-json\/wp\/v2\/tags?post=526731"}],"curies":[{"name":"wp","href":"https:\/\/api.w.org\/{rel}","templated":true}]}}