{"id":505840,"date":"2026-03-05T12:05:33","date_gmt":"2026-03-05T12:05:33","guid":{"rendered":"https:\/\/redepress.com.br\/noticias\/?p=505840"},"modified":"2026-03-05T13:00:29","modified_gmt":"2026-03-05T13:00:29","slug":"festival-reune-culturas-indigenas-e-afro-brasileiras-em-ribeirao-preto","status":"publish","type":"post","link":"https:\/\/redepress.com.br\/noticias\/2026\/03\/festival-reune-culturas-indigenas-e-afro-brasileiras-em-ribeirao-preto\/","title":{"rendered":"Festival re\u00fane culturas ind\u00edgenas e afro-brasileiras em Ribeir\u00e3o Preto"},"content":{"rendered":"<p><strong>Ribeir&atilde;o Preto (SP), 5 de mar&ccedil;o de 2026 &ndash;<\/strong> Entre os dias 20 e 22 de mar&ccedil;o, o Centro Cultural SESI Ribeir&atilde;o Preto recebe o Festival Encontro de Saberes, uma imers&atilde;o art&iacute;stica e formativa dedicada &agrave;s tradi&ccedil;&otilde;es e contemporaneidades dos povos ind&iacute;genas e afro-brasileiros. O evento conta tamb&eacute;m com a exposi&ccedil;&atilde;o fotogr&aacute;fica que integra a programa&ccedil;&atilde;o e segue em cartaz no Centro Cultural Palace, de 23 de mar&ccedil;o a 1&ordm; de abril. Toda a programa&ccedil;&atilde;o &eacute; gratuita e aberta ao p&uacute;blico.<\/p>&nbsp;&nbsp;\n<p>O festival nasce do di&aacute;logo entre artistas e educadores de Ribeir&atilde;o Preto e integrantes da Aldeia Marakan&atilde;, no Rio de Janeiro. A proposta &eacute; construir pontes entre territ&oacute;rios urbanos e contextos ind&iacute;genas, promovendo encontros entre os saberes ancestrais, as pr&aacute;ticas pedag&oacute;gicas e as express&otilde;es art&iacute;sticas contempor&acirc;neas. A iniciativa ir&aacute; reunir na cidade ind&iacute;genas, pesquisadores e artistas em rodas de canto, mesas de di&aacute;logo, oficinas, interven&ccedil;&otilde;es e exibi&ccedil;&otilde;es audiovisuais.<\/p>&nbsp;&nbsp;\n<p>Entre os destaques est&atilde;o a Roda de Cantos Tradicionais Ind&iacute;genas, mesas que discutem corpo, mem&oacute;ria e pr&aacute;ticas pedag&oacute;gicas, o Cine Tek&oacute; (com produ&ccedil;&otilde;es audiovisuais ind&iacute;genas) e oficinas de Capoeira, Maculel&ecirc; e Grafismo Ind&iacute;gena. A proposta &eacute; criar um espa&ccedil;o de escuta, reflex&atilde;o e troca, ampliando o debate sobre identidade, territ&oacute;rio e diversidade cultural.<\/p>&nbsp;&nbsp;\n<p>Para o idealizador do evento, Lu&iacute;s Silva, que tamb&eacute;m &eacute; artista da cena, pesquisador do corpo e curador, o festival surge da necessidade de aproximar a popula&ccedil;&atilde;o de uma realidade ainda pouco conhecida. &ldquo;Existe um apagamento muito grande sobre quem s&atilde;o os povos ind&iacute;genas hoje. Queremos mostrar que s&atilde;o culturas vivas, presentes, que produzem arte, pensamento e conhecimento. Trazer essas vozes para Ribeir&atilde;o Preto &eacute; criar uma possibilidade real de encontro e transforma&ccedil;&atilde;o.&rdquo;<br>\nO Encontro de Saberes contar&aacute; com a presen&ccedil;a de cerca de 14 artistas e lideran&ccedil;as convidadas. Prop&otilde;e mais do que uma programa&ccedil;&atilde;o cultural: oferecer um movimento de valoriza&ccedil;&atilde;o dos saberes ancestrais em di&aacute;logo com o presente. A classifica&ccedil;&atilde;o &eacute; livre, com inscri&ccedil;&atilde;o gratuita via Sympla e com medidas de acessibilidade.<\/p>&nbsp;&nbsp;\n<p><strong>SERVI&Ccedil;O:<\/strong><br>\n<strong>Festival Encontro dos Saberes<\/strong><br>\nAtividades: Roda de Cantos Tradicionais Ind&iacute;genas, Mesas de debate e pr&aacute;tica, Exibi&ccedil;&atilde;o audiovisual, Oficinas e viv&ecirc;ncias, Interven&ccedil;&otilde;es art&iacute;sticas<br>\nData: 20 e 22 de mar&ccedil;o<br>\nLocal: Centro Cultural Sesi Ribeir&atilde;o Preto (Rua Jo&atilde;o Ignacchitti, 3465, no Jardim Castelo Branco, Ribeir&atilde;o Preto)<br>\nInscri&ccedil;&otilde;es: Sympla &ndash; https:\/\/www.sympla.com.br\/evento\/festival-encontro-de-saberes\/3316878<\/p>\n<p>Exposi&ccedil;&atilde;o Fotogr&aacute;fica<br>\nData: 23 de mar&ccedil;o a 1&ordm; de abril<br>\nLocal: Centro Cultural Palace (Rua &Aacute;lvares Cabral, 322 &ndash; Centro, Ribeir&atilde;o Preto)<\/p>\n<p>Equipe T&eacute;cnica<br>\nIdealiza&ccedil;&atilde;o, curadoria e coordena&ccedil;&atilde;o: Jahnavi Dasi e Lu&iacute;s Silva Produ&ccedil;&atilde;o cultural: Quimera<br>\nAssistente de produ&ccedil;&atilde;o: Cassiani Silva e Ell<br>\nCobertura Audiovisual: Coletivando Art<br>\nCoordena&ccedil;&atilde;o de Comunica&ccedil;&atilde;o: Casa Grafite<br>\nDesigner gr&aacute;fico: Rafaella Olivieri<br>\nAssessoria financeira: Nathalya Pereira<br>\nProdu&ccedil;&atilde;o executiva: Coletivando Art<br>\nCo-produ&ccedil;&atilde;o: Perifa Cultural<\/p>\n","protected":false},"excerpt":{"rendered":"<p>Ribeir&atilde;o Preto (SP), 5 de mar&ccedil;o de 2026 &ndash; Entre os dias 20 e 22 de&hellip;<\/p>\n","protected":false},"author":2,"featured_media":505839,"comment_status":"closed","ping_status":"closed","sticky":false,"template":"","format":"standard","meta":{"advanced_seo_description":"","jetpack_seo_html_title":"","jetpack_seo_noindex":false,"jetpack_seo_schema_type":"","_jetpack_newsletter_access":"","_jetpack_dont_email_post_to_subs":false,"_jetpack_newsletter_tier_id":0,"_jetpack_memberships_contains_paywalled_content":false,"fifu_image_url":"","fifu_image_alt":"","_jetpack_memberships_contains_paid_content":false,"footnotes":""},"categories":[21201,1],"tags":[],"class_list":["post-505840","post","type-post","status-publish","format-standard","has-post-thumbnail","hentry","category-destaques","category-eventos","wpcat-21201-id","wpcat-1-id"],"jetpack_sharing_enabled":true,"jetpack-related-posts":[],"jetpack_featured_media_url":"https:\/\/i0.wp.com\/redepress.com.br\/noticias\/wp-content\/uploads\/2026\/03\/Ciclo-sagrado-feminino-Foto-de-Tayna-Uraz.jpg?fit=270%2C180&ssl=1","_links":{"self":[{"href":"https:\/\/redepress.com.br\/noticias\/wp-json\/wp\/v2\/posts\/505840","targetHints":{"allow":["GET"]}}],"collection":[{"href":"https:\/\/redepress.com.br\/noticias\/wp-json\/wp\/v2\/posts"}],"about":[{"href":"https:\/\/redepress.com.br\/noticias\/wp-json\/wp\/v2\/types\/post"}],"author":[{"embeddable":true,"href":"https:\/\/redepress.com.br\/noticias\/wp-json\/wp\/v2\/users\/2"}],"replies":[{"embeddable":true,"href":"https:\/\/redepress.com.br\/noticias\/wp-json\/wp\/v2\/comments?post=505840"}],"version-history":[{"count":0,"href":"https:\/\/redepress.com.br\/noticias\/wp-json\/wp\/v2\/posts\/505840\/revisions"}],"wp:featuredmedia":[{"embeddable":true,"href":"https:\/\/redepress.com.br\/noticias\/wp-json\/wp\/v2\/media\/505839"}],"wp:attachment":[{"href":"https:\/\/redepress.com.br\/noticias\/wp-json\/wp\/v2\/media?parent=505840"}],"wp:term":[{"taxonomy":"category","embeddable":true,"href":"https:\/\/redepress.com.br\/noticias\/wp-json\/wp\/v2\/categories?post=505840"},{"taxonomy":"post_tag","embeddable":true,"href":"https:\/\/redepress.com.br\/noticias\/wp-json\/wp\/v2\/tags?post=505840"}],"curies":[{"name":"wp","href":"https:\/\/api.w.org\/{rel}","templated":true}]}}