{"id":486244,"date":"2026-01-19T14:35:52","date_gmt":"2026-01-19T14:35:52","guid":{"rendered":"https:\/\/redepress.com.br\/noticias\/?p=486244"},"modified":"2026-01-19T18:39:57","modified_gmt":"2026-01-19T18:39:57","slug":"graduacao-2026-estacio-oferece-mensalidades-gratuitas","status":"publish","type":"post","link":"https:\/\/redepress.com.br\/noticias\/2026\/01\/graduacao-2026-estacio-oferece-mensalidades-gratuitas\/","title":{"rendered":"Gradua\u00e7\u00e3o 2026: Est\u00e1cio oferece mensalidades gratuitas"},"content":{"rendered":"<p><span style=\"font-weight: 400\">A Est&aacute;cio lan&ccedil;ou uma nova a&ccedil;&atilde;o nacional para quem deseja iniciar a gradua&ccedil;&atilde;o em 2026. Al&eacute;m dos descontos j&aacute; concedidos de acordo com a pontua&ccedil;&atilde;o obtida no Exame Nacional do Ensino M&eacute;dio (Enem), os candidatos tamb&eacute;m poder&atilde;o garantir duas mensalidades gratuitas, al&eacute;m de benef&iacute;cios v&aacute;lidos ao longo de toda a gradua&ccedil;&atilde;o.<\/span><\/p>\n<p><span style=\"font-weight: 400\">A campanha &eacute; v&aacute;lida por tempo limitado e os interessados podem consultar os cursos participantes e o regulamento completo no site <\/span><a href=\"https:\/\/estacio.br\/\"><span style=\"font-weight: 400\">estacio.br<\/span><\/a><span style=\"font-weight: 400\">. Com mais de 55 anos de experi&ecirc;ncia acad&ecirc;mica, presen&ccedil;a em 25 estados e no Distrito Federal, a Est&aacute;cio &eacute; reconhecida nacionalmente como l&iacute;der em inova&ccedil;&atilde;o educacional e tecnologia oferecendo ensino de qualidade a milhares de alunos.<\/span><\/p>\n<p><span style=\"font-weight: 400\">A institui&ccedil;&atilde;o oferece mais de 100 op&ccedil;&otilde;es de cursos de gradua&ccedil;&atilde;o nos formatos presencial, semipresencial, ao vivo e digital, e se destaca em iniciativas alinhadas &agrave;s demandas do mercado de trabalho. Entre as a&ccedil;&otilde;es est&atilde;o o programa Singular, que personaliza a jornada acad&ecirc;mica de acordo com o seu objetivo de carreira; as certifica&ccedil;&otilde;es intermedi&aacute;rias, que possibilitam o ingresso no mercado ainda durante o curso; e o Portal gratuito com oportunidades de est&aacute;gio e empregos.<\/span><\/p>\n<p><span style=\"font-weight: 400\">Em 2026, as campanhas da Est&aacute;cio seguem protagonizadas por Rebeca Andrade, atleta embaixadora da marca, aluna do curso de Psicologia da institui&ccedil;&atilde;o e a maior ginasta brasileira da hist&oacute;ria. Medalhista ol&iacute;mpica e refer&ecirc;ncia no esporte, Rebeca simboliza valores como supera&ccedil;&atilde;o e coragem, que permeiam a cultura e refor&ccedil;am o compromisso da institui&ccedil;&atilde;o de ensino em transformar vidas por meio da forma&ccedil;&atilde;o acad&ecirc;mica dos estudantes.<\/span><\/p>\n","protected":false},"excerpt":{"rendered":"<p>A Est&aacute;cio lan&ccedil;ou uma nova a&ccedil;&atilde;o nacional para quem deseja iniciar a gradua&ccedil;&atilde;o em 2026. Al&eacute;m&hellip;<\/p>\n","protected":false},"author":2,"featured_media":0,"comment_status":"closed","ping_status":"closed","sticky":false,"template":"","format":"standard","meta":{"advanced_seo_description":"","jetpack_seo_html_title":"","jetpack_seo_noindex":false,"jetpack_seo_schema_type":"","_jetpack_newsletter_access":"","_jetpack_dont_email_post_to_subs":false,"_jetpack_newsletter_tier_id":0,"_jetpack_memberships_contains_paywalled_content":false,"fifu_image_url":"","fifu_image_alt":"","_jetpack_memberships_contains_paid_content":false,"footnotes":""},"categories":[21201,14],"tags":[10018,10249,11914],"class_list":["post-486244","post","type-post","status-publish","format-standard","hentry","category-destaques","category-edu","tag-enem","tag-estacio","tag-graduacao","wpcat-21201-id","wpcat-14-id"],"jetpack_sharing_enabled":true,"jetpack-related-posts":[],"jetpack_featured_media_url":"","_links":{"self":[{"href":"https:\/\/redepress.com.br\/noticias\/wp-json\/wp\/v2\/posts\/486244","targetHints":{"allow":["GET"]}}],"collection":[{"href":"https:\/\/redepress.com.br\/noticias\/wp-json\/wp\/v2\/posts"}],"about":[{"href":"https:\/\/redepress.com.br\/noticias\/wp-json\/wp\/v2\/types\/post"}],"author":[{"embeddable":true,"href":"https:\/\/redepress.com.br\/noticias\/wp-json\/wp\/v2\/users\/2"}],"replies":[{"embeddable":true,"href":"https:\/\/redepress.com.br\/noticias\/wp-json\/wp\/v2\/comments?post=486244"}],"version-history":[{"count":0,"href":"https:\/\/redepress.com.br\/noticias\/wp-json\/wp\/v2\/posts\/486244\/revisions"}],"wp:attachment":[{"href":"https:\/\/redepress.com.br\/noticias\/wp-json\/wp\/v2\/media?parent=486244"}],"wp:term":[{"taxonomy":"category","embeddable":true,"href":"https:\/\/redepress.com.br\/noticias\/wp-json\/wp\/v2\/categories?post=486244"},{"taxonomy":"post_tag","embeddable":true,"href":"https:\/\/redepress.com.br\/noticias\/wp-json\/wp\/v2\/tags?post=486244"}],"curies":[{"name":"wp","href":"https:\/\/api.w.org\/{rel}","templated":true}]}}