{"id":480294,"date":"2026-01-07T20:18:14","date_gmt":"2026-01-07T20:18:14","guid":{"rendered":"https:\/\/redepress.com.br\/noticias\/?p=480294"},"modified":"2026-05-22T17:47:15","modified_gmt":"2026-05-22T17:47:15","slug":"virose-de-verao-causas-sintomas-e-dicas-de-prevencao-para-a-estacao-mais-quente","status":"publish","type":"post","link":"https:\/\/redepress.com.br\/noticias\/2026\/01\/virose-de-verao-causas-sintomas-e-dicas-de-prevencao-para-a-estacao-mais-quente\/","title":{"rendered":"Virose de ver\u00e3o: causas, sintomas e dicas de preven\u00e7\u00e3o para a esta\u00e7\u00e3o mais quente"},"content":{"rendered":"<p><i><span style=\"font-weight: 400;\">Entenda por que os casos de virose s&atilde;o mais comuns no ver&atilde;o e saiba como se prevenir durante a esta&ccedil;&atilde;o<\/span><\/i><\/p>\n<p><span style=\"font-weight: 400;\">A virose costuma ganhar destaque todos os anos durante o ver&atilde;o, quando aumentam os registros de pessoas com mal-estar gastrointestinal, febre e indisposi&ccedil;&atilde;o. O calor intenso, aliado a h&aacute;bitos mais comuns nesta &eacute;poca, como consumo de alimentos fora de casa, viagens e aglomera&ccedil;&otilde;es, cria um cen&aacute;rio prop&iacute;cio para a circula&ccedil;&atilde;o do v&iacute;rus.<\/span><\/p>\n<p><span style=\"font-weight: 400;\">Entender por que a virose se torna mais frequente no ver&atilde;o, reconhecer os sinais e saber como preveni-la s&atilde;o passos fundamentais para atravessar a esta&ccedil;&atilde;o com mais seguran&ccedil;a e sa&uacute;de.<\/span><\/p>\n<h3><span style=\"font-weight: 400;\">O que causa a virose no calor?<\/span><\/h3>\n<p><span style=\"font-weight: 400;\">O aumento dos casos de virose no ver&atilde;o est&aacute; diretamente ligado &agrave;s altas temperaturas. O calor favorece a prolifera&ccedil;&atilde;o de v&iacute;rus e bact&eacute;rias em alimentos e na &aacute;gua, especialmente quando h&aacute; falhas de conserva&ccedil;&atilde;o ou higiene.<\/span><\/p>\n<p><span style=\"font-weight: 400;\">Al&eacute;m disso, o consumo de alimentos crus ou mal armazenados, como saladas, frutos-do-mar e lanches de rua, se torna mais comum. Piscinas, praias e ambientes compartilhados tamb&eacute;m facilitam a transmiss&atilde;o, principalmente quando n&atilde;o h&aacute; cuidados adequados com limpeza e saneamento.<\/span><\/p>\n<h3><span style=\"font-weight: 400;\">Quais os sintomas mais comuns da virose de ver&atilde;o?<\/span><\/h3>\n<p><span style=\"font-weight: 400;\">Os sinais variam conforme o tipo de v&iacute;rus, mas costumam surgir de forma s&uacute;bita. Alguns <\/span><a href=\"https:\/\/www.conexasaude.com.br\/blog\/virose\"><b>sintomas de virose<\/b><\/a><span style=\"font-weight: 400;\"> para ficar atento s&atilde;o: diarreia, n&aacute;useas, v&ocirc;mitos, dor abdominal, febre baixa, dor de cabe&ccedil;a e sensa&ccedil;&atilde;o de cansa&ccedil;o intenso.<\/span><\/p>\n<p><span style=\"font-weight: 400;\">Em alguns casos, a perda de l&iacute;quidos pode levar &agrave; desidrata&ccedil;&atilde;o, principalmente em crian&ccedil;as e idosos, exigindo aten&ccedil;&atilde;o redobrada.<\/span><\/p>\n<h3><span style=\"font-weight: 400;\">Como evitar pegar virose no ver&atilde;o?<\/span><\/h3>\n<p><span style=\"font-weight: 400;\">A preven&ccedil;&atilde;o envolve cuidados simples, mas eficazes. Lavar bem as m&atilde;os antes das refei&ccedil;&otilde;es e ap&oacute;s usar o banheiro &eacute; essencial. Tamb&eacute;m &eacute; importante consumir apenas &aacute;gua filtrada ou mineral, higienizar corretamente frutas e verduras e evitar alimentos de proced&ecirc;ncia duvidosa.<\/span><\/p>\n<p><span style=\"font-weight: 400;\">Em viagens, especialmente para regi&otilde;es tur&iacute;sticas, a aten&ccedil;&atilde;o deve ser redobrada com gelo, sucos naturais e alimentos expostos ao calor por longos per&iacute;odos.<\/span><\/p>\n<h3><span style=\"font-weight: 400;\">Virose intestinal no ver&atilde;o: quais os cuidados?<\/span><\/h3>\n<p><span style=\"font-weight: 400;\">A virose intestinal &eacute; uma das manifesta&ccedil;&otilde;es mais comuns nesta &eacute;poca do ano. Quando surgem sintomas gastrointestinais, o principal cuidado &eacute; manter hidrata&ccedil;&atilde;o constante, com &aacute;gua, soro ou &aacute;gua de coco.<\/span><\/p>\n<p><span style=\"font-weight: 400;\">A alimenta&ccedil;&atilde;o deve ser leve, evitando frituras, bebidas alco&oacute;licas e alimentos muito gordurosos. Caso os sintomas persistam por mais de dois dias ou se intensifiquem, a orienta&ccedil;&atilde;o m&eacute;dica &eacute; indispens&aacute;vel.<\/span><\/p>\n<h3><span style=\"font-weight: 400;\">Quais os tratamentos para virose de ver&atilde;o?<\/span><\/h3>\n<p><span style=\"font-weight: 400;\">N&atilde;o existe um tratamento espec&iacute;fico para a virose, j&aacute; que a maioria dos quadros &eacute; autolimitada. O foco est&aacute; no al&iacute;vio dos sintomas e na preven&ccedil;&atilde;o da desidrata&ccedil;&atilde;o. Analg&eacute;sicos e antit&eacute;rmicos podem ser usados com orienta&ccedil;&atilde;o m&eacute;dica, assim como medicamentos para n&aacute;usea ou diarreia, quando indicados.<\/span><\/p>\n<p><span style=\"font-weight: 400;\">A automedica&ccedil;&atilde;o deve ser evitada, principalmente o uso de antibi&oacute;ticos, que n&atilde;o t&ecirc;m efeito contra v&iacute;rus.<\/span><\/p>\n<h3><span style=\"font-weight: 400;\">Virose de ver&atilde;o pega? Como &eacute; a transmiss&atilde;o?<\/span><\/h3>\n<p><span style=\"font-weight: 400;\">Sim, a virose de ver&atilde;o &eacute; contagiosa. A transmiss&atilde;o ocorre principalmente pela via fecal-oral, por meio de alimentos, &aacute;gua contaminada ou contato com superf&iacute;cies infectadas. O contato direto entre pessoas, especialmente em ambientes com pouca higiene, tamb&eacute;m facilita a dissemina&ccedil;&atilde;o. Por isso, al&eacute;m do cuidado individual, medidas coletivas de higiene s&atilde;o fundamentais para reduzir os surtos.<\/span><\/p>\n<p><span style=\"font-weight: 400;\">Em qualquer suspeita de virose, &eacute; essencial procurar um m&eacute;dico. O diagn&oacute;stico correto e o acompanhamento profissional ajudam a evitar complica&ccedil;&otilde;es e garantem uma recupera&ccedil;&atilde;o mais segura durante a esta&ccedil;&atilde;o mais quente do ano.<\/span><\/p>\n","protected":false},"excerpt":{"rendered":"<p>Entenda por que os casos de virose s&atilde;o mais comuns no ver&atilde;o e saiba como se&hellip;<\/p>\n","protected":false},"author":6,"featured_media":480296,"comment_status":"closed","ping_status":"closed","sticky":false,"template":"","format":"standard","meta":{"advanced_seo_description":"","jetpack_seo_html_title":"","jetpack_seo_noindex":false,"jetpack_seo_schema_type":"","_jetpack_newsletter_access":"","_jetpack_dont_email_post_to_subs":false,"_jetpack_newsletter_tier_id":0,"_jetpack_memberships_contains_paywalled_content":false,"fifu_image_url":"","fifu_image_alt":"","_jetpack_memberships_contains_paid_content":false,"footnotes":""},"categories":[25847,35812,7],"tags":[35791,1731,5753,9707,39775,39776,39777],"class_list":["post-480294","post","type-post","status-publish","format-standard","has-post-thumbnail","hentry","category-artigos","category-www-redelajeado-com-br-noticias","category-sde","tag-calor","tag-saude","tag-sintomas","tag-verao","tag-virose","tag-virose-de-verao","tag-virose-no-calor","wpcat-25847-id","wpcat-35812-id","wpcat-7-id"],"jetpack_sharing_enabled":true,"jetpack-related-posts":[],"jetpack_featured_media_url":"https:\/\/i0.wp.com\/redepress.com.br\/noticias\/wp-content\/uploads\/2026\/01\/iStock-2242910337.jpg?fit=724%2C483&ssl=1","_links":{"self":[{"href":"https:\/\/redepress.com.br\/noticias\/wp-json\/wp\/v2\/posts\/480294","targetHints":{"allow":["GET"]}}],"collection":[{"href":"https:\/\/redepress.com.br\/noticias\/wp-json\/wp\/v2\/posts"}],"about":[{"href":"https:\/\/redepress.com.br\/noticias\/wp-json\/wp\/v2\/types\/post"}],"author":[{"embeddable":true,"href":"https:\/\/redepress.com.br\/noticias\/wp-json\/wp\/v2\/users\/6"}],"replies":[{"embeddable":true,"href":"https:\/\/redepress.com.br\/noticias\/wp-json\/wp\/v2\/comments?post=480294"}],"version-history":[{"count":0,"href":"https:\/\/redepress.com.br\/noticias\/wp-json\/wp\/v2\/posts\/480294\/revisions"}],"wp:featuredmedia":[{"embeddable":true,"href":"https:\/\/redepress.com.br\/noticias\/wp-json\/wp\/v2\/media\/480296"}],"wp:attachment":[{"href":"https:\/\/redepress.com.br\/noticias\/wp-json\/wp\/v2\/media?parent=480294"}],"wp:term":[{"taxonomy":"category","embeddable":true,"href":"https:\/\/redepress.com.br\/noticias\/wp-json\/wp\/v2\/categories?post=480294"},{"taxonomy":"post_tag","embeddable":true,"href":"https:\/\/redepress.com.br\/noticias\/wp-json\/wp\/v2\/tags?post=480294"}],"curies":[{"name":"wp","href":"https:\/\/api.w.org\/{rel}","templated":true}]}}