{"id":439501,"date":"2025-05-12T00:00:00","date_gmt":"2025-05-12T00:00:00","guid":{"rendered":"https:\/\/redepress.com.br\/noticias\/?p=439501"},"modified":"2025-05-12T19:39:00","modified_gmt":"2025-05-12T19:39:00","slug":"com-mais-maquinas-amarelas-no-agro-tracbel-leva-tambem-seus-caminhoes-para-a-agrobalsas","status":"publish","type":"post","link":"https:\/\/redepress.com.br\/noticias\/2025\/05\/com-mais-maquinas-amarelas-no-agro-tracbel-leva-tambem-seus-caminhoes-para-a-agrobalsas\/","title":{"rendered":"Com mais m\u00e1quinas amarelas no Agro, Tracbel leva tamb\u00e9m seus caminh\u00f5es para a Agrobalsas"},"content":{"rendered":"<p class=\"xxmsonormal\" style=\"text-align: right;\" align=\"right\">\n<\/p><hr>\n<p>&nbsp;<\/p>\n<p class=\"xxmsonormal\">\n<\/p><p class=\"xxmsonormal\" style=\"line-height: normal;\"><b><i>A Tracbel comprova mais uma vez na Agrobalsas 2025 o aumento da participa&ccedil;&atilde;o de m&aacute;quinas amarelas no agroneg&oacute;cio brasileiro. A empresa est&aacute; levando seus equipamentos e caminh&otilde;es pesados e semipesados voltados para o campo. &ldquo;O Agro &eacute; supercompetitivo internacionalmente e precisa constantemente de produtos mais avan&ccedil;ados e de maior performance para muitas aplica&ccedil;&otilde;es rurais. Temos atualmente o maior portf&oacute;lio j&aacute; oferecido para o setor em toda nossa hist&oacute;ria&rdquo;, declara Carlos Melnec, CEO da divis&atilde;o de ve&iacute;culos comerciais do Grupo Tracbel. A 21&ordf; edi&ccedil;&atilde;o da feira se realiza de 12 a 16 de maio, na Fazenda Sol Nascente, situada em Balsas (MA).<\/i><\/b><\/p>\n<p class=\"xxmsonormal\" style=\"line-height: normal;\"><b><i>&nbsp;<\/i><\/b><\/p>\n<p class=\"xxmsonormal\" style=\"line-height: normal;\">Est&atilde;o sendo apresentadas in&uacute;meras novidades. Os interessados que fecharem neg&oacute;cio no per&iacute;odo do evento receber&atilde;o condi&ccedil;&otilde;es especiais de aquisi&ccedil;&atilde;o, por meio de taxas ou de prazos diferentes. Os t&eacute;cnicos do Banco Volvo estar&atilde;o &agrave; disposi&ccedil;&atilde;o dos clientes para falar sobre financiamentos, assim como os consultores apresentar&atilde;o as novidades t&eacute;cnicas aos agricultores. A Tracbel &eacute; conhecida nacionalmente por sua agilidade na reposi&ccedil;&atilde;o de pe&ccedil;as e na assist&ecirc;ncia t&eacute;cnica de qualidade.<\/p>&nbsp;&nbsp;\n<p class=\"xxmsonormal\" style=\"line-height: normal;\">\n<\/p><p class=\"xxmsonormal\" style=\"line-height: normal;\"><b>Toda a regi&atilde;o<\/b><\/p>\n<p class=\"xxmsonormal\" style=\"line-height: normal;\">\n<\/p><p class=\"xxmsonormal\" style=\"line-height: normal;\">Uma nova atra&ccedil;&atilde;o neste evento &eacute; a apresenta&ccedil;&atilde;o de um alongador para as carregadeiras, o que garante um aumento de quase um metro de altura de despejo da ca&ccedil;amba. Presente com v&aacute;rias unidades em diferentes cidades no Norte e Nordeste, a empresa apresentar&aacute; ainda as novas carregadeiras SDLG da s&eacute;rie F, que est&atilde;o ganhando espa&ccedil;o em propriedades agr&iacute;colas. Com maior capacidade de carga, melhor produtividade e uma acabamento mais aprimorado, os modelos SDLG L918H, L936H e L938H est&atilde;o sendo utilizados em um n&uacute;mero maior de trabalhos rurais.<\/p>&nbsp;&nbsp;\n<p class=\"xxmsonormal\" style=\"line-height: normal;\">\n<\/p><p class=\"xxmsonormal\" style=\"line-height: normal;\">&ldquo;Nossos os equipamentos est&atilde;o aumentando seu alcance de tarefas no agroneg&oacute;cio. Prepara&ccedil;&atilde;o do solo e movimenta&ccedil;&atilde;o de insumos e demais materiais s&atilde;o apenas algumas possibilidades. Sua maior capacidade de carga, robustez e efici&ecirc;ncia possibilita realizar opera&ccedil;&otilde;es que seriam mais dif&iacute;ceis com m&aacute;quinas convencionais&rdquo;, afirma Silvio Almeida, gerente comercial de m&aacute;quinas Volvo e SDLG da Tracbel nos estados do Maranh&atilde;o, Cear&aacute; e Piau&iacute;.<\/p>&nbsp;&nbsp;\n<p class=\"xxmsonormal\" style=\"line-height: normal;\">\n<\/p><p class=\"xxmsonormal\" style=\"line-height: normal;\">As escavadeiras compactas da SDLG s&atilde;o outra op&ccedil;&atilde;o crescente nesta &aacute;rea, principalmente quando &eacute; necess&aacute;rio trabalhar em espa&ccedil;os confinados, que demandam equipamentos com raio de giro curto para total produtividade. Os modelos ER626H, ER636F e E680F, respectivamente de 2,8 toneladas, 3,8 toneladas e 7,8 toneladas, proporcionam muita agilidade em ambientes limitados. O gerente lembra que os agricultores e pecuaristas tamb&eacute;m est&atilde;o adotando a motoniveladora SDLG G9190H, em especial para abertura e manuten&ccedil;&atilde;o de estradas.<\/p>&nbsp;&nbsp;\n<p class=\"xxmsonormal\" style=\"line-height: normal;\">\n<\/p><p class=\"xxmsonormal\" style=\"line-height: normal;\">A Tracbel ainda possui as escavadeiras e carregadeiras da Volvo. A EC220D e a L60H , por exemplo, s&atilde;o vers&aacute;teis, com excelente efici&ecirc;ncia de combust&iacute;vel e grande produtividade, com menores custos operacionais da categoria. Como a produ&ccedil;&atilde;o de gr&atilde;os depende de ganhos em escala, os produtores t&ecirc;m preferido adquirir m&aacute;quinas de alta produtividade, como a EC220D e a L60H, consagradas por sua alta tecnologia e grande performance.<\/p>&nbsp;&nbsp;\n<p class=\"xxmsonormal\" style=\"line-height: normal;\">\n<\/p><p class=\"xxmsonormal\" style=\"line-height: normal;\">A empresa mostra ainda a retroescavadeira Bull, distribu&iacute;da exclusivamente pela empresa no Brasil. &ldquo;A Bull HD100 &eacute; reconhecida mundialmente por sua robustez, produtividade e baixo custo de manuten&ccedil;&atilde;o, al&eacute;m de ser multifuncional, podendo atuar em v&aacute;rias frentes. Ela tem uma excelente rela&ccedil;&atilde;o custo-benef&iacute;cio&rdquo;, explica Almeida.<\/p>&nbsp;&nbsp;\n<p class=\"xxmsonormal\" style=\"line-height: normal;\">\n<\/p><p class=\"xxmsonormal\" style=\"line-height: normal;\"><b>Na estrada e na fazenda<\/b><\/p>\n<p class=\"xxmsonormal\" style=\"line-height: normal;\">\n<\/p><p class=\"xxmsonormal\" style=\"line-height: normal;\">A linha de caminh&otilde;es Volvo &eacute; largamente utilizada para aumentar a competitividade do agribusiness. &ldquo;Caminh&atilde;o mais vendido do Brasil h&aacute; muitos anos, o FH &eacute; tamb&eacute;m um campe&atilde;o no Agro&rdquo;, lembra Reinaldo Mota, Gerente de ve&iacute;culos comerciais da Tracbel no Maranh&atilde;o, Cear&aacute; e Piau&iacute;. A Tracbel mostra ainda o VMX MAX 6&times;4 com motoriza&ccedil;&atilde;o 360cv, que sempre chama a aten&ccedil;&atilde;o dos agricultores.<\/p>&nbsp;&nbsp;\n<p class=\"xxmsonormal\" style=\"line-height: normal;\">\n<\/p><p class=\"xxmsonormal\" style=\"line-height: normal;\">Os caminh&otilde;es Volvo est&atilde;o presentes no transporte de gr&atilde;os em toda a regi&atilde;o. Parte dos ve&iacute;culos sai das fazendas no interior do Maranh&atilde;o e segue rumo a Porto Franco, no Sudoeste do Estado, que abriga um grande entroncamento rodoferrovi&aacute;rio, muito importante para a economia regional, de onde as cargas seguem at&eacute; S&atilde;o Luis, a capital maranhense. Outro fluxo parte de Balsas e regi&atilde;o, onde a Tracbel tem uma filial, seguindo pelas BRs 230 e 135 at&eacute; o Porto do Itaqui, de onde os gr&atilde;os s&atilde;o exportados para v&aacute;rios mercados.<\/p>&nbsp;&nbsp;\n<p class=\"xxmsonormal\" style=\"line-height: normal;\">\n<\/p><p class=\"xxmsonormal\" style=\"line-height: normal;\">O VM &eacute; uma outra grande atra&ccedil;&atilde;o no meio rural por sua versatilidade. Ele tem sido adquirido para operar desde o plantio at&eacute; o transporte de gr&atilde;os e de cargas vivas, em curtas e m&eacute;dias dist&acirc;ncias. Os modelos r&iacute;gidos, por exemplo, podem ser usados na log&iacute;stica de distribui&ccedil;&atilde;o e s&atilde;o uma &oacute;tima op&ccedil;&atilde;o para o transportador que precisa de um ve&iacute;culo &aacute;gil e com maior capacidade de carga. O modelo se adapta muito bem ao transporte de produtos e insumos agr&iacute;colas, al&eacute;m de servi&ccedil;os de apoio.<\/p>&nbsp;&nbsp;\n<p class=\"xxmsonormal\" style=\"line-height: normal;\">\n<\/p><hr>\n<p>&nbsp;<\/p>\n<p class=\"xxmsonormal\" style=\"line-height: normal;\"><i>Newton Chagas<\/i><\/p>\n<p class=\"xxmsonormal\" style=\"line-height: normal;\"><i>Outlook &ndash; Comunica&ccedil;&atilde;o &amp; Estrat&eacute;gia<\/i><\/p>\n<p class=\"xxmsonormal\" style=\"line-height: normal;\"><i>Tel. +55 (44) 999-116-220<\/i><\/p>\n<p class=\"xxmsonormal\" style=\"line-height: normal;\"><i>E-mail: <a href=\"mailto:newton.chagas@outlook.com\">newton.chagas@outlook.com<\/a><\/i><\/p>\n<p><a href=\"https:\/\/verde-amarelo.net\/verdeamarelo\/?attachment_id=245217\"><img decoding=\"async\" src=\"data:image\/gif;base64,R0lGODlhAQABAIAAAAAAAP\/\/\/ywAAAAAAQABAAACAUwAOw==\" fifu-lazy=\"1\" fifu-data-sizes=\"auto\" fifu-data-srcset=\"https:\/\/i1.wp.com\/verde-amarelo.net\/verdeamarelo\/wp-content\/uploads\/2025\/05\/escavadeira-SDLG-E680F-430x286.jpg?ssl=1&amp;w=75&amp;resize=75&amp;ssl=1 75w, https:\/\/i1.wp.com\/verde-amarelo.net\/verdeamarelo\/wp-content\/uploads\/2025\/05\/escavadeira-SDLG-E680F-430x286.jpg?ssl=1&amp;w=100&amp;resize=100&amp;ssl=1 100w, https:\/\/i1.wp.com\/verde-amarelo.net\/verdeamarelo\/wp-content\/uploads\/2025\/05\/escavadeira-SDLG-E680F-430x286.jpg?ssl=1&amp;w=150&amp;resize=150&amp;ssl=1 150w, https:\/\/i1.wp.com\/verde-amarelo.net\/verdeamarelo\/wp-content\/uploads\/2025\/05\/escavadeira-SDLG-E680F-430x286.jpg?ssl=1&amp;w=240&amp;resize=240&amp;ssl=1 240w, https:\/\/i1.wp.com\/verde-amarelo.net\/verdeamarelo\/wp-content\/uploads\/2025\/05\/escavadeira-SDLG-E680F-430x286.jpg?ssl=1&amp;w=320&amp;resize=320&amp;ssl=1 320w, https:\/\/i1.wp.com\/verde-amarelo.net\/verdeamarelo\/wp-content\/uploads\/2025\/05\/escavadeira-SDLG-E680F-430x286.jpg?ssl=1&amp;w=500&amp;resize=500&amp;ssl=1 500w, https:\/\/i1.wp.com\/verde-amarelo.net\/verdeamarelo\/wp-content\/uploads\/2025\/05\/escavadeira-SDLG-E680F-430x286.jpg?ssl=1&amp;w=640&amp;resize=640&amp;ssl=1 640w, https:\/\/i1.wp.com\/verde-amarelo.net\/verdeamarelo\/wp-content\/uploads\/2025\/05\/escavadeira-SDLG-E680F-430x286.jpg?ssl=1&amp;w=800&amp;resize=800&amp;ssl=1 800w, https:\/\/i1.wp.com\/verde-amarelo.net\/verdeamarelo\/wp-content\/uploads\/2025\/05\/escavadeira-SDLG-E680F-430x286.jpg?ssl=1&amp;w=1024&amp;resize=1024&amp;ssl=1 1024w, https:\/\/i1.wp.com\/verde-amarelo.net\/verdeamarelo\/wp-content\/uploads\/2025\/05\/escavadeira-SDLG-E680F-430x286.jpg?ssl=1&amp;w=1280&amp;resize=1280&amp;ssl=1 1280w, https:\/\/i1.wp.com\/verde-amarelo.net\/verdeamarelo\/wp-content\/uploads\/2025\/05\/escavadeira-SDLG-E680F-430x286.jpg?ssl=1&amp;w=1600&amp;resize=1600&amp;ssl=1 1600w\" class=\"alignnone size-medium wp-image-245217\" fifu-data-src=\"https:\/\/i1.wp.com\/verde-amarelo.net\/verdeamarelo\/wp-content\/uploads\/2025\/05\/escavadeira-SDLG-E680F-430x286.jpg?ssl=1\" alt=\"\" width=\"430px\" height=\"286px\"\/><\/a><br>\n<a href=\"https:\/\/verde-amarelo.net\/verdeamarelo\/?attachment_id=245218\"><img decoding=\"async\" src=\"data:image\/gif;base64,R0lGODlhAQABAIAAAAAAAP\/\/\/ywAAAAAAQABAAACAUwAOw==\" fifu-lazy=\"1\" fifu-data-sizes=\"auto\" fifu-data-srcset=\"https:\/\/i1.wp.com\/verde-amarelo.net\/verdeamarelo\/wp-content\/uploads\/2025\/05\/retroescavadeira-Bull-na-Agrobalsas-430x287.jpeg?ssl=1&amp;w=75&amp;resize=75&amp;ssl=1 75w, https:\/\/i1.wp.com\/verde-amarelo.net\/verdeamarelo\/wp-content\/uploads\/2025\/05\/retroescavadeira-Bull-na-Agrobalsas-430x287.jpeg?ssl=1&amp;w=100&amp;resize=100&amp;ssl=1 100w, https:\/\/i1.wp.com\/verde-amarelo.net\/verdeamarelo\/wp-content\/uploads\/2025\/05\/retroescavadeira-Bull-na-Agrobalsas-430x287.jpeg?ssl=1&amp;w=150&amp;resize=150&amp;ssl=1 150w, https:\/\/i1.wp.com\/verde-amarelo.net\/verdeamarelo\/wp-content\/uploads\/2025\/05\/retroescavadeira-Bull-na-Agrobalsas-430x287.jpeg?ssl=1&amp;w=240&amp;resize=240&amp;ssl=1 240w, https:\/\/i1.wp.com\/verde-amarelo.net\/verdeamarelo\/wp-content\/uploads\/2025\/05\/retroescavadeira-Bull-na-Agrobalsas-430x287.jpeg?ssl=1&amp;w=320&amp;resize=320&amp;ssl=1 320w, https:\/\/i1.wp.com\/verde-amarelo.net\/verdeamarelo\/wp-content\/uploads\/2025\/05\/retroescavadeira-Bull-na-Agrobalsas-430x287.jpeg?ssl=1&amp;w=500&amp;resize=500&amp;ssl=1 500w, https:\/\/i1.wp.com\/verde-amarelo.net\/verdeamarelo\/wp-content\/uploads\/2025\/05\/retroescavadeira-Bull-na-Agrobalsas-430x287.jpeg?ssl=1&amp;w=640&amp;resize=640&amp;ssl=1 640w, https:\/\/i1.wp.com\/verde-amarelo.net\/verdeamarelo\/wp-content\/uploads\/2025\/05\/retroescavadeira-Bull-na-Agrobalsas-430x287.jpeg?ssl=1&amp;w=800&amp;resize=800&amp;ssl=1 800w, https:\/\/i1.wp.com\/verde-amarelo.net\/verdeamarelo\/wp-content\/uploads\/2025\/05\/retroescavadeira-Bull-na-Agrobalsas-430x287.jpeg?ssl=1&amp;w=1024&amp;resize=1024&amp;ssl=1 1024w, https:\/\/i1.wp.com\/verde-amarelo.net\/verdeamarelo\/wp-content\/uploads\/2025\/05\/retroescavadeira-Bull-na-Agrobalsas-430x287.jpeg?ssl=1&amp;w=1280&amp;resize=1280&amp;ssl=1 1280w, https:\/\/i1.wp.com\/verde-amarelo.net\/verdeamarelo\/wp-content\/uploads\/2025\/05\/retroescavadeira-Bull-na-Agrobalsas-430x287.jpeg?ssl=1&amp;w=1600&amp;resize=1600&amp;ssl=1 1600w\" class=\"alignnone size-medium wp-image-245218\" fifu-data-src=\"https:\/\/i1.wp.com\/verde-amarelo.net\/verdeamarelo\/wp-content\/uploads\/2025\/05\/retroescavadeira-Bull-na-Agrobalsas-430x287.jpeg?ssl=1\" alt=\"\" width=\"430px\" height=\"287px\"\/><\/a><br>\n<a href=\"https:\/\/verde-amarelo.net\/verdeamarelo\/?attachment_id=245219\"><img decoding=\"async\" src=\"data:image\/gif;base64,R0lGODlhAQABAIAAAAAAAP\/\/\/ywAAAAAAQABAAACAUwAOw==\" fifu-lazy=\"1\" fifu-data-sizes=\"auto\" fifu-data-srcset=\"https:\/\/i3.wp.com\/verde-amarelo.net\/verdeamarelo\/wp-content\/uploads\/2025\/05\/motoniveladora-SDLG.jpeg-430x287.webp?ssl=1&amp;w=75&amp;resize=75&amp;ssl=1 75w, https:\/\/i3.wp.com\/verde-amarelo.net\/verdeamarelo\/wp-content\/uploads\/2025\/05\/motoniveladora-SDLG.jpeg-430x287.webp?ssl=1&amp;w=100&amp;resize=100&amp;ssl=1 100w, https:\/\/i3.wp.com\/verde-amarelo.net\/verdeamarelo\/wp-content\/uploads\/2025\/05\/motoniveladora-SDLG.jpeg-430x287.webp?ssl=1&amp;w=150&amp;resize=150&amp;ssl=1 150w, https:\/\/i3.wp.com\/verde-amarelo.net\/verdeamarelo\/wp-content\/uploads\/2025\/05\/motoniveladora-SDLG.jpeg-430x287.webp?ssl=1&amp;w=240&amp;resize=240&amp;ssl=1 240w, https:\/\/i3.wp.com\/verde-amarelo.net\/verdeamarelo\/wp-content\/uploads\/2025\/05\/motoniveladora-SDLG.jpeg-430x287.webp?ssl=1&amp;w=320&amp;resize=320&amp;ssl=1 320w, https:\/\/i3.wp.com\/verde-amarelo.net\/verdeamarelo\/wp-content\/uploads\/2025\/05\/motoniveladora-SDLG.jpeg-430x287.webp?ssl=1&amp;w=500&amp;resize=500&amp;ssl=1 500w, https:\/\/i3.wp.com\/verde-amarelo.net\/verdeamarelo\/wp-content\/uploads\/2025\/05\/motoniveladora-SDLG.jpeg-430x287.webp?ssl=1&amp;w=640&amp;resize=640&amp;ssl=1 640w, https:\/\/i3.wp.com\/verde-amarelo.net\/verdeamarelo\/wp-content\/uploads\/2025\/05\/motoniveladora-SDLG.jpeg-430x287.webp?ssl=1&amp;w=800&amp;resize=800&amp;ssl=1 800w, https:\/\/i3.wp.com\/verde-amarelo.net\/verdeamarelo\/wp-content\/uploads\/2025\/05\/motoniveladora-SDLG.jpeg-430x287.webp?ssl=1&amp;w=1024&amp;resize=1024&amp;ssl=1 1024w, https:\/\/i3.wp.com\/verde-amarelo.net\/verdeamarelo\/wp-content\/uploads\/2025\/05\/motoniveladora-SDLG.jpeg-430x287.webp?ssl=1&amp;w=1280&amp;resize=1280&amp;ssl=1 1280w, https:\/\/i3.wp.com\/verde-amarelo.net\/verdeamarelo\/wp-content\/uploads\/2025\/05\/motoniveladora-SDLG.jpeg-430x287.webp?ssl=1&amp;w=1600&amp;resize=1600&amp;ssl=1 1600w\" class=\"alignnone size-medium wp-image-245219\" fifu-data-src=\"https:\/\/i3.wp.com\/verde-amarelo.net\/verdeamarelo\/wp-content\/uploads\/2025\/05\/motoniveladora-SDLG.jpeg-430x287.webp?ssl=1\" alt=\"\" width=\"430px\" height=\"287px\"\/><\/a><br>\n<a href=\"https:\/\/verde-amarelo.net\/verdeamarelo\/?attachment_id=245220\"><img decoding=\"async\" src=\"data:image\/gif;base64,R0lGODlhAQABAIAAAAAAAP\/\/\/ywAAAAAAQABAAACAUwAOw==\" fifu-lazy=\"1\" fifu-data-sizes=\"auto\" fifu-data-srcset=\"https:\/\/i1.wp.com\/verde-amarelo.net\/verdeamarelo\/wp-content\/uploads\/2025\/05\/caminhoes-VM-no-Agro-430x287.jpg?ssl=1&amp;w=75&amp;resize=75&amp;ssl=1 75w, https:\/\/i1.wp.com\/verde-amarelo.net\/verdeamarelo\/wp-content\/uploads\/2025\/05\/caminhoes-VM-no-Agro-430x287.jpg?ssl=1&amp;w=100&amp;resize=100&amp;ssl=1 100w, https:\/\/i1.wp.com\/verde-amarelo.net\/verdeamarelo\/wp-content\/uploads\/2025\/05\/caminhoes-VM-no-Agro-430x287.jpg?ssl=1&amp;w=150&amp;resize=150&amp;ssl=1 150w, https:\/\/i1.wp.com\/verde-amarelo.net\/verdeamarelo\/wp-content\/uploads\/2025\/05\/caminhoes-VM-no-Agro-430x287.jpg?ssl=1&amp;w=240&amp;resize=240&amp;ssl=1 240w, https:\/\/i1.wp.com\/verde-amarelo.net\/verdeamarelo\/wp-content\/uploads\/2025\/05\/caminhoes-VM-no-Agro-430x287.jpg?ssl=1&amp;w=320&amp;resize=320&amp;ssl=1 320w, https:\/\/i1.wp.com\/verde-amarelo.net\/verdeamarelo\/wp-content\/uploads\/2025\/05\/caminhoes-VM-no-Agro-430x287.jpg?ssl=1&amp;w=500&amp;resize=500&amp;ssl=1 500w, https:\/\/i1.wp.com\/verde-amarelo.net\/verdeamarelo\/wp-content\/uploads\/2025\/05\/caminhoes-VM-no-Agro-430x287.jpg?ssl=1&amp;w=640&amp;resize=640&amp;ssl=1 640w, https:\/\/i1.wp.com\/verde-amarelo.net\/verdeamarelo\/wp-content\/uploads\/2025\/05\/caminhoes-VM-no-Agro-430x287.jpg?ssl=1&amp;w=800&amp;resize=800&amp;ssl=1 800w, https:\/\/i1.wp.com\/verde-amarelo.net\/verdeamarelo\/wp-content\/uploads\/2025\/05\/caminhoes-VM-no-Agro-430x287.jpg?ssl=1&amp;w=1024&amp;resize=1024&amp;ssl=1 1024w, https:\/\/i1.wp.com\/verde-amarelo.net\/verdeamarelo\/wp-content\/uploads\/2025\/05\/caminhoes-VM-no-Agro-430x287.jpg?ssl=1&amp;w=1280&amp;resize=1280&amp;ssl=1 1280w, https:\/\/i1.wp.com\/verde-amarelo.net\/verdeamarelo\/wp-content\/uploads\/2025\/05\/caminhoes-VM-no-Agro-430x287.jpg?ssl=1&amp;w=1600&amp;resize=1600&amp;ssl=1 1600w\" class=\"alignnone size-medium wp-image-245220\" fifu-data-src=\"https:\/\/i1.wp.com\/verde-amarelo.net\/verdeamarelo\/wp-content\/uploads\/2025\/05\/caminhoes-VM-no-Agro-430x287.jpg?ssl=1\" alt=\"\" width=\"430px\" height=\"287px\"\/><\/a><br>\n<a href=\"https:\/\/verde-amarelo.net\/verdeamarelo\/?attachment_id=245221\"><img decoding=\"async\" src=\"data:image\/gif;base64,R0lGODlhAQABAIAAAAAAAP\/\/\/ywAAAAAAQABAAACAUwAOw==\" fifu-lazy=\"1\" fifu-data-sizes=\"auto\" fifu-data-srcset=\"https:\/\/i3.wp.com\/verde-amarelo.net\/verdeamarelo\/wp-content\/uploads\/2025\/05\/caminhao-FH-transportando-graos-430x287.jpg?ssl=1&amp;w=75&amp;resize=75&amp;ssl=1 75w, https:\/\/i3.wp.com\/verde-amarelo.net\/verdeamarelo\/wp-content\/uploads\/2025\/05\/caminhao-FH-transportando-graos-430x287.jpg?ssl=1&amp;w=100&amp;resize=100&amp;ssl=1 100w, https:\/\/i3.wp.com\/verde-amarelo.net\/verdeamarelo\/wp-content\/uploads\/2025\/05\/caminhao-FH-transportando-graos-430x287.jpg?ssl=1&amp;w=150&amp;resize=150&amp;ssl=1 150w, https:\/\/i3.wp.com\/verde-amarelo.net\/verdeamarelo\/wp-content\/uploads\/2025\/05\/caminhao-FH-transportando-graos-430x287.jpg?ssl=1&amp;w=240&amp;resize=240&amp;ssl=1 240w, https:\/\/i3.wp.com\/verde-amarelo.net\/verdeamarelo\/wp-content\/uploads\/2025\/05\/caminhao-FH-transportando-graos-430x287.jpg?ssl=1&amp;w=320&amp;resize=320&amp;ssl=1 320w, https:\/\/i3.wp.com\/verde-amarelo.net\/verdeamarelo\/wp-content\/uploads\/2025\/05\/caminhao-FH-transportando-graos-430x287.jpg?ssl=1&amp;w=500&amp;resize=500&amp;ssl=1 500w, https:\/\/i3.wp.com\/verde-amarelo.net\/verdeamarelo\/wp-content\/uploads\/2025\/05\/caminhao-FH-transportando-graos-430x287.jpg?ssl=1&amp;w=640&amp;resize=640&amp;ssl=1 640w, https:\/\/i3.wp.com\/verde-amarelo.net\/verdeamarelo\/wp-content\/uploads\/2025\/05\/caminhao-FH-transportando-graos-430x287.jpg?ssl=1&amp;w=800&amp;resize=800&amp;ssl=1 800w, https:\/\/i3.wp.com\/verde-amarelo.net\/verdeamarelo\/wp-content\/uploads\/2025\/05\/caminhao-FH-transportando-graos-430x287.jpg?ssl=1&amp;w=1024&amp;resize=1024&amp;ssl=1 1024w, https:\/\/i3.wp.com\/verde-amarelo.net\/verdeamarelo\/wp-content\/uploads\/2025\/05\/caminhao-FH-transportando-graos-430x287.jpg?ssl=1&amp;w=1280&amp;resize=1280&amp;ssl=1 1280w, https:\/\/i3.wp.com\/verde-amarelo.net\/verdeamarelo\/wp-content\/uploads\/2025\/05\/caminhao-FH-transportando-graos-430x287.jpg?ssl=1&amp;w=1600&amp;resize=1600&amp;ssl=1 1600w\" class=\"alignnone size-medium wp-image-245221\" fifu-data-src=\"https:\/\/i3.wp.com\/verde-amarelo.net\/verdeamarelo\/wp-content\/uploads\/2025\/05\/caminhao-FH-transportando-graos-430x287.jpg?ssl=1\" alt=\"\" width=\"430px\" height=\"287px\"\/><\/a><br>\n<a href=\"https:\/\/verde-amarelo.net\/verdeamarelo\/?attachment_id=245222\"><img decoding=\"async\" src=\"data:image\/gif;base64,R0lGODlhAQABAIAAAAAAAP\/\/\/ywAAAAAAQABAAACAUwAOw==\" fifu-lazy=\"1\" fifu-data-sizes=\"auto\" fifu-data-srcset=\"https:\/\/i3.wp.com\/verde-amarelo.net\/verdeamarelo\/wp-content\/uploads\/2025\/05\/carregadeira-Volvo-L60H-430x287.jpg?ssl=1&amp;w=75&amp;resize=75&amp;ssl=1 75w, https:\/\/i3.wp.com\/verde-amarelo.net\/verdeamarelo\/wp-content\/uploads\/2025\/05\/carregadeira-Volvo-L60H-430x287.jpg?ssl=1&amp;w=100&amp;resize=100&amp;ssl=1 100w, https:\/\/i3.wp.com\/verde-amarelo.net\/verdeamarelo\/wp-content\/uploads\/2025\/05\/carregadeira-Volvo-L60H-430x287.jpg?ssl=1&amp;w=150&amp;resize=150&amp;ssl=1 150w, https:\/\/i3.wp.com\/verde-amarelo.net\/verdeamarelo\/wp-content\/uploads\/2025\/05\/carregadeira-Volvo-L60H-430x287.jpg?ssl=1&amp;w=240&amp;resize=240&amp;ssl=1 240w, https:\/\/i3.wp.com\/verde-amarelo.net\/verdeamarelo\/wp-content\/uploads\/2025\/05\/carregadeira-Volvo-L60H-430x287.jpg?ssl=1&amp;w=320&amp;resize=320&amp;ssl=1 320w, https:\/\/i3.wp.com\/verde-amarelo.net\/verdeamarelo\/wp-content\/uploads\/2025\/05\/carregadeira-Volvo-L60H-430x287.jpg?ssl=1&amp;w=500&amp;resize=500&amp;ssl=1 500w, https:\/\/i3.wp.com\/verde-amarelo.net\/verdeamarelo\/wp-content\/uploads\/2025\/05\/carregadeira-Volvo-L60H-430x287.jpg?ssl=1&amp;w=640&amp;resize=640&amp;ssl=1 640w, https:\/\/i3.wp.com\/verde-amarelo.net\/verdeamarelo\/wp-content\/uploads\/2025\/05\/carregadeira-Volvo-L60H-430x287.jpg?ssl=1&amp;w=800&amp;resize=800&amp;ssl=1 800w, https:\/\/i3.wp.com\/verde-amarelo.net\/verdeamarelo\/wp-content\/uploads\/2025\/05\/carregadeira-Volvo-L60H-430x287.jpg?ssl=1&amp;w=1024&amp;resize=1024&amp;ssl=1 1024w, https:\/\/i3.wp.com\/verde-amarelo.net\/verdeamarelo\/wp-content\/uploads\/2025\/05\/carregadeira-Volvo-L60H-430x287.jpg?ssl=1&amp;w=1280&amp;resize=1280&amp;ssl=1 1280w, https:\/\/i3.wp.com\/verde-amarelo.net\/verdeamarelo\/wp-content\/uploads\/2025\/05\/carregadeira-Volvo-L60H-430x287.jpg?ssl=1&amp;w=1600&amp;resize=1600&amp;ssl=1 1600w\" class=\"alignnone size-medium wp-image-245222\" fifu-data-src=\"https:\/\/i3.wp.com\/verde-amarelo.net\/verdeamarelo\/wp-content\/uploads\/2025\/05\/carregadeira-Volvo-L60H-430x287.jpg?ssl=1\" alt=\"\" width=\"430px\" height=\"287px\"\/><\/a><br>\n<a href=\"https:\/\/verde-amarelo.net\/verdeamarelo\/?attachment_id=245223\"><img decoding=\"async\" src=\"data:image\/gif;base64,R0lGODlhAQABAIAAAAAAAP\/\/\/ywAAAAAAQABAAACAUwAOw==\" fifu-lazy=\"1\" fifu-data-sizes=\"auto\" fifu-data-srcset=\"https:\/\/i3.wp.com\/verde-amarelo.net\/verdeamarelo\/wp-content\/uploads\/2025\/05\/Silvio-Almeida-gerente-Tracbel-NO-NE-430x430.jpeg?ssl=1&amp;w=75&amp;resize=75&amp;ssl=1 75w, https:\/\/i3.wp.com\/verde-amarelo.net\/verdeamarelo\/wp-content\/uploads\/2025\/05\/Silvio-Almeida-gerente-Tracbel-NO-NE-430x430.jpeg?ssl=1&amp;w=100&amp;resize=100&amp;ssl=1 100w, https:\/\/i3.wp.com\/verde-amarelo.net\/verdeamarelo\/wp-content\/uploads\/2025\/05\/Silvio-Almeida-gerente-Tracbel-NO-NE-430x430.jpeg?ssl=1&amp;w=150&amp;resize=150&amp;ssl=1 150w, https:\/\/i3.wp.com\/verde-amarelo.net\/verdeamarelo\/wp-content\/uploads\/2025\/05\/Silvio-Almeida-gerente-Tracbel-NO-NE-430x430.jpeg?ssl=1&amp;w=240&amp;resize=240&amp;ssl=1 240w, https:\/\/i3.wp.com\/verde-amarelo.net\/verdeamarelo\/wp-content\/uploads\/2025\/05\/Silvio-Almeida-gerente-Tracbel-NO-NE-430x430.jpeg?ssl=1&amp;w=320&amp;resize=320&amp;ssl=1 320w, https:\/\/i3.wp.com\/verde-amarelo.net\/verdeamarelo\/wp-content\/uploads\/2025\/05\/Silvio-Almeida-gerente-Tracbel-NO-NE-430x430.jpeg?ssl=1&amp;w=500&amp;resize=500&amp;ssl=1 500w, https:\/\/i3.wp.com\/verde-amarelo.net\/verdeamarelo\/wp-content\/uploads\/2025\/05\/Silvio-Almeida-gerente-Tracbel-NO-NE-430x430.jpeg?ssl=1&amp;w=640&amp;resize=640&amp;ssl=1 640w, https:\/\/i3.wp.com\/verde-amarelo.net\/verdeamarelo\/wp-content\/uploads\/2025\/05\/Silvio-Almeida-gerente-Tracbel-NO-NE-430x430.jpeg?ssl=1&amp;w=800&amp;resize=800&amp;ssl=1 800w, https:\/\/i3.wp.com\/verde-amarelo.net\/verdeamarelo\/wp-content\/uploads\/2025\/05\/Silvio-Almeida-gerente-Tracbel-NO-NE-430x430.jpeg?ssl=1&amp;w=1024&amp;resize=1024&amp;ssl=1 1024w, https:\/\/i3.wp.com\/verde-amarelo.net\/verdeamarelo\/wp-content\/uploads\/2025\/05\/Silvio-Almeida-gerente-Tracbel-NO-NE-430x430.jpeg?ssl=1&amp;w=1280&amp;resize=1280&amp;ssl=1 1280w, https:\/\/i3.wp.com\/verde-amarelo.net\/verdeamarelo\/wp-content\/uploads\/2025\/05\/Silvio-Almeida-gerente-Tracbel-NO-NE-430x430.jpeg?ssl=1&amp;w=1600&amp;resize=1600&amp;ssl=1 1600w\" class=\"alignnone size-medium wp-image-245223\" fifu-data-src=\"https:\/\/i3.wp.com\/verde-amarelo.net\/verdeamarelo\/wp-content\/uploads\/2025\/05\/Silvio-Almeida-gerente-Tracbel-NO-NE-430x430.jpeg?ssl=1\" alt=\"\" width=\"430px\" height=\"430px\"\/><\/a><br>\n<a href=\"https:\/\/verde-amarelo.net\/verdeamarelo\/?attachment_id=245224\"><img decoding=\"async\" src=\"data:image\/gif;base64,R0lGODlhAQABAIAAAAAAAP\/\/\/ywAAAAAAQABAAACAUwAOw==\" fifu-lazy=\"1\" fifu-data-sizes=\"auto\" fifu-data-srcset=\"https:\/\/i3.wp.com\/verde-amarelo.net\/verdeamarelo\/wp-content\/uploads\/2025\/05\/carregadeira-L918H-430x287.webp?ssl=1&amp;w=75&amp;resize=75&amp;ssl=1 75w, https:\/\/i3.wp.com\/verde-amarelo.net\/verdeamarelo\/wp-content\/uploads\/2025\/05\/carregadeira-L918H-430x287.webp?ssl=1&amp;w=100&amp;resize=100&amp;ssl=1 100w, https:\/\/i3.wp.com\/verde-amarelo.net\/verdeamarelo\/wp-content\/uploads\/2025\/05\/carregadeira-L918H-430x287.webp?ssl=1&amp;w=150&amp;resize=150&amp;ssl=1 150w, https:\/\/i3.wp.com\/verde-amarelo.net\/verdeamarelo\/wp-content\/uploads\/2025\/05\/carregadeira-L918H-430x287.webp?ssl=1&amp;w=240&amp;resize=240&amp;ssl=1 240w, https:\/\/i3.wp.com\/verde-amarelo.net\/verdeamarelo\/wp-content\/uploads\/2025\/05\/carregadeira-L918H-430x287.webp?ssl=1&amp;w=320&amp;resize=320&amp;ssl=1 320w, https:\/\/i3.wp.com\/verde-amarelo.net\/verdeamarelo\/wp-content\/uploads\/2025\/05\/carregadeira-L918H-430x287.webp?ssl=1&amp;w=500&amp;resize=500&amp;ssl=1 500w, https:\/\/i3.wp.com\/verde-amarelo.net\/verdeamarelo\/wp-content\/uploads\/2025\/05\/carregadeira-L918H-430x287.webp?ssl=1&amp;w=640&amp;resize=640&amp;ssl=1 640w, https:\/\/i3.wp.com\/verde-amarelo.net\/verdeamarelo\/wp-content\/uploads\/2025\/05\/carregadeira-L918H-430x287.webp?ssl=1&amp;w=800&amp;resize=800&amp;ssl=1 800w, https:\/\/i3.wp.com\/verde-amarelo.net\/verdeamarelo\/wp-content\/uploads\/2025\/05\/carregadeira-L918H-430x287.webp?ssl=1&amp;w=1024&amp;resize=1024&amp;ssl=1 1024w, https:\/\/i3.wp.com\/verde-amarelo.net\/verdeamarelo\/wp-content\/uploads\/2025\/05\/carregadeira-L918H-430x287.webp?ssl=1&amp;w=1280&amp;resize=1280&amp;ssl=1 1280w, https:\/\/i3.wp.com\/verde-amarelo.net\/verdeamarelo\/wp-content\/uploads\/2025\/05\/carregadeira-L918H-430x287.webp?ssl=1&amp;w=1600&amp;resize=1600&amp;ssl=1 1600w\" class=\"alignnone size-medium wp-image-245224\" fifu-data-src=\"https:\/\/i3.wp.com\/verde-amarelo.net\/verdeamarelo\/wp-content\/uploads\/2025\/05\/carregadeira-L918H-430x287.webp?ssl=1\" alt=\"\" width=\"430px\" height=\"287px\"\/><\/a><\/p>\n","protected":false},"excerpt":{"rendered":"<p>&nbsp; A Tracbel comprova mais uma vez na Agrobalsas 2025 o aumento da participa&ccedil;&atilde;o de m&aacute;quinas&hellip;<\/p>\n","protected":false},"author":4,"featured_media":439543,"comment_status":"closed","ping_status":"closed","sticky":false,"template":"","format":"standard","meta":{"advanced_seo_description":"","jetpack_seo_html_title":"","jetpack_seo_noindex":false,"jetpack_seo_schema_type":"","_jetpack_newsletter_access":"","_jetpack_dont_email_post_to_subs":false,"_jetpack_newsletter_tier_id":0,"_jetpack_memberships_contains_paywalled_content":false,"fifu_image_url":"https:\/\/verde-amarelo.net\/verdeamarelo\/wp-content\/uploads\/2025\/05\/escavadeira-SDLG-E680F-430x286.jpg","fifu_image_alt":"","_jetpack_memberships_contains_paid_content":false,"footnotes":""},"categories":[29,13,14418,21433],"tags":[9337,38546],"class_list":["post-439501","post","type-post","status-publish","format-standard","has-post-thumbnail","hentry","category-agro","category-economia","category-noticias","category-tecnologia","tag-noticias","tag-verdeamarelo","wpcat-29-id","wpcat-13-id","wpcat-14418-id","wpcat-21433-id"],"jetpack_sharing_enabled":true,"jetpack-related-posts":[],"jetpack_featured_media_url":"https:\/\/i0.wp.com\/verde-amarelo.net\/verdeamarelo\/wp-content\/uploads\/2025\/05\/escavadeira-SDLG-E680F-430x286.jpg?fit=%2C&ssl=1","_links":{"self":[{"href":"https:\/\/redepress.com.br\/noticias\/wp-json\/wp\/v2\/posts\/439501","targetHints":{"allow":["GET"]}}],"collection":[{"href":"https:\/\/redepress.com.br\/noticias\/wp-json\/wp\/v2\/posts"}],"about":[{"href":"https:\/\/redepress.com.br\/noticias\/wp-json\/wp\/v2\/types\/post"}],"author":[{"embeddable":true,"href":"https:\/\/redepress.com.br\/noticias\/wp-json\/wp\/v2\/users\/4"}],"replies":[{"embeddable":true,"href":"https:\/\/redepress.com.br\/noticias\/wp-json\/wp\/v2\/comments?post=439501"}],"version-history":[{"count":0,"href":"https:\/\/redepress.com.br\/noticias\/wp-json\/wp\/v2\/posts\/439501\/revisions"}],"wp:featuredmedia":[{"embeddable":true,"href":"https:\/\/redepress.com.br\/noticias\/wp-json\/wp\/v2\/media\/439543"}],"wp:attachment":[{"href":"https:\/\/redepress.com.br\/noticias\/wp-json\/wp\/v2\/media?parent=439501"}],"wp:term":[{"taxonomy":"category","embeddable":true,"href":"https:\/\/redepress.com.br\/noticias\/wp-json\/wp\/v2\/categories?post=439501"},{"taxonomy":"post_tag","embeddable":true,"href":"https:\/\/redepress.com.br\/noticias\/wp-json\/wp\/v2\/tags?post=439501"}],"curies":[{"name":"wp","href":"https:\/\/api.w.org\/{rel}","templated":true}]}}