{"id":412074,"date":"2024-07-02T13:08:14","date_gmt":"2024-07-02T13:08:14","guid":{"rendered":"https:\/\/redepress.ecompare.com.br\/noticias\/?p=412074"},"modified":"2024-07-02T13:33:28","modified_gmt":"2024-07-02T13:33:28","slug":"lancamento-do-novo-plano-safra-e-exposicao-de-maquinas-e-implementos-agricolas","status":"publish","type":"post","link":"https:\/\/redepress.com.br\/noticias\/2024\/07\/lancamento-do-novo-plano-safra-e-exposicao-de-maquinas-e-implementos-agricolas\/","title":{"rendered":"Lan\u00e7amento do novo Plano Safra e exposi\u00e7\u00e3o de M\u00e1quinas e Implementos Agr\u00edcolas"},"content":{"rendered":"<p>Para demonstrar a sua linha de equipamentos destinados &agrave; agricultura familiar, a&nbsp;<strong>ABIMAQ<\/strong>&nbsp;(Associa&ccedil;&atilde;o Brasileira da Ind&uacute;stria de <a href=\"https:\/\/www.magazinevoce.com.br\/magazineezu\/busca\/trator\/?from=submit&amp;filters=category---PI\" target=\"_blank\" rel=\"noopener\">M&aacute;quinas e Equipamentos<\/a>), atrav&eacute;s da CSMIA &ndash; C&acirc;mara Setorial de M&aacute;quinas e Implementos Agr&iacute;colas, realizar&aacute; uma exposi&ccedil;&atilde;o com 44 m&aacute;quinas que ocorrer&aacute; junto com o lan&ccedil;amento do novo&nbsp;<strong>Plano<\/strong><strong>&nbsp;<\/strong><strong>Safra<\/strong><strong>&nbsp;da Agricultura Familiar<\/strong>, e do&nbsp;<strong>Plano Safra da Agricultura Empresarial,&nbsp;<\/strong>que vai acontecer no dia&nbsp;<strong>03 de julho<\/strong>&nbsp;(quarta-feira), no&nbsp;<strong>Pal&aacute;cio do Planalto<\/strong>, em Bras&iacute;lia. A exposi&ccedil;&atilde;o ser&aacute; realizada junto com a ANFAVEA e SIMERS.<\/p>&nbsp;&nbsp;\n<p>Os produtos expostos estar&atilde;o alinhados com o&nbsp;<strong>Programa Mais Alimentos<\/strong>, incluindo tratores de at&eacute; 80 CV e implementos adequados a esta pot&ecirc;ncia. Al&eacute;m disso, ser&atilde;o destacados produtos de pequeno porte com valor at&eacute; R$ 50 mil, refor&ccedil;ando a capacidade da ABIMAQ e suas associadas em atender tanto o mercado nacional quanto internacional.<\/p>&nbsp;&nbsp;\n<p>A exposi&ccedil;&atilde;o ser&aacute; uma oportunidade &uacute;nica para demonstrar a aptid&atilde;o das empresas brasileiras no apoio &agrave; agricultura, evidenciando a import&acirc;ncia do setor de m&aacute;quinas e equipamentos para o desenvolvimento agr&iacute;cola do pa&iacute;s.<\/p>&nbsp;&nbsp;\n<p>As m&aacute;quinas expostas representam a mais alta tecnologia, com capacidade de produ&ccedil;&atilde;o adequada &agrave;s necessidades da agricultura. A ABIMAQ espera que, com o&nbsp;Plano&nbsp;Safra, os produtores tenham acesso a essa tecnologia de ponta, contribuindo para uma produ&ccedil;&atilde;o mais eficiente e sustent&aacute;vel.<\/p>&nbsp;&nbsp;\n<p>Esta mostra representa uma pequena amostra da vasta gama de produtos e tecnologias dispon&iacute;veis pela ind&uacute;stria nacional para a mecaniza&ccedil;&atilde;o da agricultura, tais como: tratores, <a href=\"https:\/\/www.magazinevoce.com.br\/magazineezu\/busca\/motocultivador\/?from=submit\" target=\"_blank\" rel=\"noopener\">motocultivadores<\/a>, vag&otilde;es forrageiros, pulverizadores, ro&ccedil;adeiras, plantadeiras, distribuidores de adubo, semeadora de precis&atilde;o, serraria port&aacute;til, plaina traseira, distribuidor de calcareo, grades, colhedora de forragens, misturador desensilador, semeadeira adubadeira, semeadeira monodisco, ensiladeira, desintegrador, entre outros.<\/p>&nbsp;&nbsp;\n<p><strong><u>Servi&ccedil;o &ndash; Lan&ccedil;amento do novo&nbsp;Plano&nbsp;Safra&nbsp;e exposi&ccedil;&atilde;o de M&aacute;quinas e Implementos Agr&iacute;colas:<\/u><\/strong><\/p>\n<p><strong><u>Data:<\/u><\/strong>&nbsp;03 de julho de 2024 (quarta-feira)<\/p>\n<p><strong><u>Hor&aacute;rio:<\/u><\/strong>&nbsp;10h<\/p>\n<p><strong><u>Local:<\/u><\/strong>&nbsp;Pal&aacute;cio do Planalto, Bras&iacute;lia<\/p>\n","protected":false},"excerpt":{"rendered":"<p>Para demonstrar a sua linha de equipamentos destinados &agrave; agricultura familiar, a&nbsp;ABIMAQ&nbsp;(Associa&ccedil;&atilde;o Brasileira da Ind&uacute;stria de&hellip;<\/p>\n","protected":false},"author":2,"featured_media":412073,"comment_status":"closed","ping_status":"closed","sticky":false,"template":"","format":"standard","meta":{"advanced_seo_description":"","jetpack_seo_html_title":"","jetpack_seo_noindex":false,"jetpack_seo_schema_type":"","_jetpack_newsletter_access":"","_jetpack_dont_email_post_to_subs":false,"_jetpack_newsletter_tier_id":0,"_jetpack_memberships_contains_paywalled_content":false,"fifu_image_url":"","fifu_image_alt":"","_jetpack_memberships_contains_paid_content":false,"footnotes":""},"categories":[29,33063,1],"tags":[67,872,10439,142,29604,52,34460,999,34553,597,3079,111,30998,33860,9653,33991,1660,1238,17302,248,260,4035,6386,9461,11500,964,34815,14591,688,127,5099],"class_list":["post-412074","post","type-post","status-publish","format-standard","has-post-thumbnail","hentry","category-agro","category-agropecuaria","category-eventos","tag-agricultura","tag-alimentos","tag-alta","tag-apoio","tag-associacao","tag-brasileira","tag-brasilia","tag-desenvolvimento","tag-e","tag-eficiente","tag-empresarial","tag-empresas","tag-entre-outros","tag-equipamentos","tag-exposicao","tag-familiar","tag-feira","tag-internacional","tag-lancamento","tag-mercado","tag-mostra","tag-nacional","tag-oportunidade","tag-os","tag-producao","tag-produtores","tag-produtos","tag-servico","tag-tecnologia","tag-tecnologias","tag-valor","wpcat-29-id","wpcat-33063-id","wpcat-1-id"],"jetpack_sharing_enabled":true,"jetpack-related-posts":[],"jetpack_featured_media_url":"https:\/\/i0.wp.com\/redepress.com.br\/noticias\/wp-content\/uploads\/2024\/07\/agriculture-8030874-1280-original-scaled.jpg?fit=777%2C517&ssl=1","_links":{"self":[{"href":"https:\/\/redepress.com.br\/noticias\/wp-json\/wp\/v2\/posts\/412074","targetHints":{"allow":["GET"]}}],"collection":[{"href":"https:\/\/redepress.com.br\/noticias\/wp-json\/wp\/v2\/posts"}],"about":[{"href":"https:\/\/redepress.com.br\/noticias\/wp-json\/wp\/v2\/types\/post"}],"author":[{"embeddable":true,"href":"https:\/\/redepress.com.br\/noticias\/wp-json\/wp\/v2\/users\/2"}],"replies":[{"embeddable":true,"href":"https:\/\/redepress.com.br\/noticias\/wp-json\/wp\/v2\/comments?post=412074"}],"version-history":[{"count":0,"href":"https:\/\/redepress.com.br\/noticias\/wp-json\/wp\/v2\/posts\/412074\/revisions"}],"wp:featuredmedia":[{"embeddable":true,"href":"https:\/\/redepress.com.br\/noticias\/wp-json\/wp\/v2\/media\/412073"}],"wp:attachment":[{"href":"https:\/\/redepress.com.br\/noticias\/wp-json\/wp\/v2\/media?parent=412074"}],"wp:term":[{"taxonomy":"category","embeddable":true,"href":"https:\/\/redepress.com.br\/noticias\/wp-json\/wp\/v2\/categories?post=412074"},{"taxonomy":"post_tag","embeddable":true,"href":"https:\/\/redepress.com.br\/noticias\/wp-json\/wp\/v2\/tags?post=412074"}],"curies":[{"name":"wp","href":"https:\/\/api.w.org\/{rel}","templated":true}]}}