{"id":351429,"date":"2022-04-19T12:00:08","date_gmt":"2022-04-19T12:00:08","guid":{"rendered":"https:\/\/dixoncomunicacao.com\/?p=7791"},"modified":"2024-01-11T19:33:18","modified_gmt":"2024-01-11T19:33:18","slug":"mirando-a-carencia-do-mercado-de-condominios-horizontais-em-canoas-dutra-incorporacoes-chega-ao-municipio-com-produto-ideal","status":"publish","type":"post","link":"https:\/\/redepress.com.br\/noticias\/2022\/04\/mirando-a-carencia-do-mercado-de-condominios-horizontais-em-canoas-dutra-incorporacoes-chega-ao-municipio-com-produto-ideal\/","title":{"rendered":"Mirando a car\u00eancia do mercado de condom\u00ednios horizontais em Canoas, Dutra Incorpora\u00e7\u00f5es chega ao munic\u00edpio com produto ideal"},"content":{"rendered":"<p><strong><em>Com conceito de resort boutique, o Vert Residence Club entregar&aacute; aos moradores um condom&iacute;nio com infraestrutura completa e totalmente equipada, podendo ser comparada a um clube, em meio a muito verde e conex&atilde;o com a natureza<\/em><\/strong><\/p>\n<p>Com sede no munic&iacute;pio ga&uacute;cho de Santo Ant&ocirc;nio da Patrulha, onde atua h&aacute; mais de uma d&eacute;cada no mercado da incorpora&ccedil;&atilde;o e da constru&ccedil;&atilde;o civil com foco em loteamentos e condom&iacute;nios horizontais, a <a href=\"https:\/\/www.vertresidenceclub.com.br\/?gclid=Cj0KCQjwpImTBhCmARIsAKr58cyGVGV1cyEOqP6QmsXZcHBmWt4SGoYWD909mHc0kfKP5CfjsJu-hHMaAqb-EALw_wcB\">Dutra Incorpora&ccedil;&otilde;es<\/a> expande sua atua&ccedil;&atilde;o no RS. A empresa entra forte na Regi&atilde;o Metropolitana de Porto Alegre, neste primeiro momento em Canoas, com o <strong>Vert Residence Club<\/strong>, localizado a 10 minutos do Park Shopping Canoas. A escolha da empresa em iniciar sua expans&atilde;o por Canoas foi dada a partir da evid&ecirc;ncia de haver car&ecirc;ncia de lan&ccedil;amentos de novos condom&iacute;nios residenciais na cidade com o perfil do empreendimento.<\/p>&nbsp;&nbsp;\n<p>Trazendo o conceito de resort boutique, com todos os detalhes pensados para criar um ref&uacute;gio para os moradores em seu dia a dia, o <strong>Vert Residence Club<\/strong>, al&eacute;m de possuir uma das vistas mais lindas da cidade, diferencia-se pela qualidade e exclusividade na entrega de sua moderna e robusta infraestrutura de lazer, que pode ser comparada a de um clube em meio &agrave; natureza. Com extens&atilde;o de 50.777 m&sup2;, o condom&iacute;nio fechado de terrenos residenciais conta com 117 lotes para moradia. Junto ao p&oacute;rtico de seguran&ccedil;a e boas-vindas aos moradores, na &aacute;rea externa do condom&iacute;nio haver&aacute; mais seis lotes comerciais do empreendimento projetados para instala&ccedil;&atilde;o de neg&oacute;cios e servi&ccedil;os pensados para atender cond&ocirc;minos, bem como o p&uacute;blico externo. As dimens&otilde;es dos terrenos v&atilde;o em sua maioria de 255 m&sup2; a 631 m&sup2;, e VGV total do empreendimento &eacute; de R$ 50 milh&otilde;es.<\/p>&nbsp;&nbsp;\n<p>Entre os diferenciais da Dutra Incorpora&ccedil;&otilde;es, que tem &agrave; frente os s&oacute;cios Jer&ocirc;nimo Message Dutra e Gabriel Dutra Andrade, est&aacute; o controle total da ger&ecirc;ncia do empreendimento. Os empres&aacute;rios se envolvem desde a idealiza&ccedil;&atilde;o do neg&oacute;cio at&eacute; sua execu&ccedil;&atilde;o, inclusive, com o financiamento dos lotes, que pode ser feito direto com a incorporadora, em at&eacute; 80 meses, evitando, assim, a burocracia das tradicionais institui&ccedil;&otilde;es financeiras. &ldquo;O segredo do nosso neg&oacute;cio &eacute; equalizar custo com qualidade, entregando ao cliente mais estrutura e qualidade por menos custo. Cada empreendimento que realizamos &eacute; como se fosse para n&oacute;s morarmos e conseguimos fechar a matem&aacute;tica de entregar um produto de excelente qualidade por um custo abaixo dos demais de mercado por participarmos de todas as etapas da incorpora&ccedil;&atilde;o&rdquo;, explica Jer&ocirc;nimo Dutra.<\/p>&nbsp;&nbsp;\n<p>Com assinatura do <a href=\"https:\/\/www.solido.arq.br\/grupo-solido\">Grupo S&oacute;lido<\/a>, respons&aacute;vel pelo projeto arquitet&ocirc;nico, paisag&iacute;stico e de interiores do empreendimento, tanto o p&oacute;rtico de entrada, como toda estrutura do Club House mesclam a arquitetura brasileira contempor&acirc;nea, com o design de edifica&ccedil;&otilde;es uruguaias. Na concep&ccedil;&atilde;o, a obra ter&aacute; linhas horizontais, grandes v&atilde;os, amplo uso de vidros, al&eacute;m de concreto aparente com estamparia da madeira. &ldquo;Buscamos um projeto com infraestrutura completa, alto acabamento e arquitetura moderna. Pensamos numa mescla do clima de Jurer&ecirc; com o estilo arquitet&ocirc;nico uruguaio. Nosso objetivo &eacute; proporcionar prazer aos moradores, fazendo com que queiram vivenciar o condom&iacute;nio&rdquo;, evidencia Gabriel Dutra.<\/p>&nbsp;&nbsp;\n<p>Como grande atra&ccedil;&atilde;o, o <strong>Vert Residence Club<\/strong> contar&aacute; com um Club House completo e totalmente equipado: dois sal&otilde;es de festa integr&aacute;veis, com espa&ccedil;o gourmet e cozinhas funcionais para suporte a eventos, com vista para piscina e possibilidade de extens&atilde;o ao ar livre; complexo de piscinas adulto e infantil, amplas e lineares, com queda d&rsquo;&aacute;gua e espa&ccedil;o de prainha, al&eacute;m de &aacute;rea de <em>spa<\/em>, com jatos d&rsquo;&aacute;gua, parte da piscina aquecida e outdoor lounge conectado ao ambiente para os moradores curtirem e relaxarem. Igualmente, espa&ccedil;o de fogo de ch&atilde;o, embaixo de um pergolado, podendo ser utilizado tanto no ver&atilde;o quanto no inverno.<\/p>&nbsp;&nbsp;\n<p>Ainda junto do complexo de Club House, os moradores ter&atilde;o &agrave; disposi&ccedil;&atilde;o uma &aacute;rea esportiva, com academia, voltada a um jardim, que pode tamb&eacute;m ser utilizado para exerc&iacute;cios f&iacute;sicos; espa&ccedil;o kids, fechado e climatizado, com &aacute;rea l&uacute;dica indoor, al&eacute;m de modernos brinquedos em &aacute;rea aberta. Pensando nos adolescentes, foi projetado um espa&ccedil;o hangout, com v&aacute;rias conex&otilde;es, que serve ainda como arquibancada para a quadra de beach tennis.&nbsp; Tamb&eacute;m far&aacute; parte da estrutura, quadra multi sports, com a possibilidade de uso para a pr&aacute;tica de patina&ccedil;&atilde;o, tabela de basquete, entre outras atividades. A gest&atilde;o do lan&ccedil;amento e comercial est&aacute; a cargo da <a href=\"https:\/\/www.instagram.com\/2day.consultoria\/\">2day Consultoria<\/a>, com projeto urban&iacute;stico sob responsabilidade do escrit&oacute;rio Alinhamento Arquitetura e Urbanismo. O ponto de venda (PDV) do empreendimento situa-se no Park Shopping Canoas.<\/p>&nbsp;&nbsp;\n<p>Seguindo com seu projeto de crescimento, entre o segundo semestre de 2022 e meados de 2023, a incorporadora tamb&eacute;m deixar&aacute; sua marca em outras regi&otilde;es ga&uacute;chas. Entre elas, est&atilde;o previstos empreendimentos em Glorinha, Gravata&iacute; e no Litoral Norte.<\/p>&nbsp;&nbsp;\n<p><strong>Imagens em perspectiva:<\/strong> Dutra Incorpora&ccedil;&otilde;es<\/p>\n<p><img decoding=\"async\" src=\"data:image\/gif;base64,R0lGODlhAQABAIAAAAAAAP\/\/\/ywAAAAAAQABAAACAUwAOw==\" fifu-lazy=\"1\" fifu-data-sizes=\"auto\" fifu-data-srcset=\"https:\/\/i3.wp.com\/redepress.com.br\/noticias\/wp-content\/uploads\/2022\/06\/mirando-a-carencia-do-mercado-de-condominios-horizontais-em-canoas-dutra-incorporacoes-chega-ao-municipio-com-produto-ideal.webp?ssl=1&amp;w=75&amp;resize=75&amp;ssl=1 75w, https:\/\/i3.wp.com\/redepress.com.br\/noticias\/wp-content\/uploads\/2022\/06\/mirando-a-carencia-do-mercado-de-condominios-horizontais-em-canoas-dutra-incorporacoes-chega-ao-municipio-com-produto-ideal.webp?ssl=1&amp;w=100&amp;resize=100&amp;ssl=1 100w, https:\/\/i3.wp.com\/redepress.com.br\/noticias\/wp-content\/uploads\/2022\/06\/mirando-a-carencia-do-mercado-de-condominios-horizontais-em-canoas-dutra-incorporacoes-chega-ao-municipio-com-produto-ideal.webp?ssl=1&amp;w=150&amp;resize=150&amp;ssl=1 150w, https:\/\/i3.wp.com\/redepress.com.br\/noticias\/wp-content\/uploads\/2022\/06\/mirando-a-carencia-do-mercado-de-condominios-horizontais-em-canoas-dutra-incorporacoes-chega-ao-municipio-com-produto-ideal.webp?ssl=1&amp;w=240&amp;resize=240&amp;ssl=1 240w, https:\/\/i3.wp.com\/redepress.com.br\/noticias\/wp-content\/uploads\/2022\/06\/mirando-a-carencia-do-mercado-de-condominios-horizontais-em-canoas-dutra-incorporacoes-chega-ao-municipio-com-produto-ideal.webp?ssl=1&amp;w=320&amp;resize=320&amp;ssl=1 320w, https:\/\/i3.wp.com\/redepress.com.br\/noticias\/wp-content\/uploads\/2022\/06\/mirando-a-carencia-do-mercado-de-condominios-horizontais-em-canoas-dutra-incorporacoes-chega-ao-municipio-com-produto-ideal.webp?ssl=1&amp;w=500&amp;resize=500&amp;ssl=1 500w, https:\/\/i3.wp.com\/redepress.com.br\/noticias\/wp-content\/uploads\/2022\/06\/mirando-a-carencia-do-mercado-de-condominios-horizontais-em-canoas-dutra-incorporacoes-chega-ao-municipio-com-produto-ideal.webp?ssl=1&amp;w=640&amp;resize=640&amp;ssl=1 640w, https:\/\/i3.wp.com\/redepress.com.br\/noticias\/wp-content\/uploads\/2022\/06\/mirando-a-carencia-do-mercado-de-condominios-horizontais-em-canoas-dutra-incorporacoes-chega-ao-municipio-com-produto-ideal.webp?ssl=1&amp;w=800&amp;resize=800&amp;ssl=1 800w, https:\/\/i3.wp.com\/redepress.com.br\/noticias\/wp-content\/uploads\/2022\/06\/mirando-a-carencia-do-mercado-de-condominios-horizontais-em-canoas-dutra-incorporacoes-chega-ao-municipio-com-produto-ideal.webp?ssl=1&amp;w=1024&amp;resize=1024&amp;ssl=1 1024w, https:\/\/i3.wp.com\/redepress.com.br\/noticias\/wp-content\/uploads\/2022\/06\/mirando-a-carencia-do-mercado-de-condominios-horizontais-em-canoas-dutra-incorporacoes-chega-ao-municipio-com-produto-ideal.webp?ssl=1&amp;w=1280&amp;resize=1280&amp;ssl=1 1280w, https:\/\/i3.wp.com\/redepress.com.br\/noticias\/wp-content\/uploads\/2022\/06\/mirando-a-carencia-do-mercado-de-condominios-horizontais-em-canoas-dutra-incorporacoes-chega-ao-municipio-com-produto-ideal.webp?ssl=1&amp;w=1600&amp;resize=1600&amp;ssl=1 1600w\" loading=\"lazy\" class=\"size-medium wp-image-7793 aligncenter\" fifu-data-src=\"https:\/\/i3.wp.com\/redepress.com.br\/noticias\/wp-content\/uploads\/2022\/06\/mirando-a-carencia-do-mercado-de-condominios-horizontais-em-canoas-dutra-incorporacoes-chega-ao-municipio-com-produto-ideal.webp?ssl=1\" alt width=\"300\" height=\"167\" srcset=\"https:\/\/redepress.com.br\/noticias\/wp-content\/uploads\/2022\/06\/mirando-a-carencia-do-mercado-de-condominios-horizontais-em-canoas-dutra-incorporacoes-chega-ao-municipio-com-produto-ideal.webp 300w, https:\/\/redepress.com.br\/noticias\/wp-content\/uploads\/2022\/06\/mirando-a-carencia-do-mercado-de-condominios-horizontais-em-canoas-dutra-incorporacoes-chega-ao-municipio-com-produto-ideal-5.jpg 1024w, https:\/\/redepress.com.br\/noticias\/wp-content\/uploads\/2022\/06\/mirando-a-carencia-do-mercado-de-condominios-horizontais-em-canoas-dutra-incorporacoes-chega-ao-municipio-com-produto-ideal-6.jpg 768w, https:\/\/redepress.com.br\/noticias\/wp-content\/uploads\/2022\/06\/mirando-a-carencia-do-mercado-de-condominios-horizontais-em-canoas-dutra-incorporacoes-chega-ao-municipio-com-produto-ideal-7.jpg 1536w, https:\/\/redepress.com.br\/noticias\/wp-content\/uploads\/2022\/06\/mirando-a-carencia-do-mercado-de-condominios-horizontais-em-canoas-dutra-incorporacoes-chega-ao-municipio-com-produto-ideal-8.jpg 2048w, https:\/\/redepress.com.br\/noticias\/wp-content\/uploads\/2022\/06\/mirando-a-carencia-do-mercado-de-condominios-horizontais-em-canoas-dutra-incorporacoes-chega-ao-municipio-com-produto-ideal-9.jpg 370w, https:\/\/redepress.com.br\/noticias\/wp-content\/uploads\/2022\/06\/mirando-a-carencia-do-mercado-de-condominios-horizontais-em-canoas-dutra-incorporacoes-chega-ao-municipio-com-produto-ideal-10.jpg 750w\" sizes=\"auto, (max-width: 300px) 100vw, 300px\"\/><\/p>\n<p><img decoding=\"async\" src=\"data:image\/gif;base64,R0lGODlhAQABAIAAAAAAAP\/\/\/ywAAAAAAQABAAACAUwAOw==\" fifu-lazy=\"1\" fifu-data-sizes=\"auto\" fifu-data-srcset=\"https:\/\/i2.wp.com\/redepress.com.br\/noticias\/wp-content\/uploads\/2022\/06\/mirando-a-carencia-do-mercado-de-condominios-horizontais-em-canoas-dutra-incorporacoes-chega-ao-municipio-com-produto-ideal-1.jpg?ssl=1&amp;w=75&amp;resize=75&amp;ssl=1 75w, https:\/\/i2.wp.com\/redepress.com.br\/noticias\/wp-content\/uploads\/2022\/06\/mirando-a-carencia-do-mercado-de-condominios-horizontais-em-canoas-dutra-incorporacoes-chega-ao-municipio-com-produto-ideal-1.jpg?ssl=1&amp;w=100&amp;resize=100&amp;ssl=1 100w, https:\/\/i2.wp.com\/redepress.com.br\/noticias\/wp-content\/uploads\/2022\/06\/mirando-a-carencia-do-mercado-de-condominios-horizontais-em-canoas-dutra-incorporacoes-chega-ao-municipio-com-produto-ideal-1.jpg?ssl=1&amp;w=150&amp;resize=150&amp;ssl=1 150w, https:\/\/i2.wp.com\/redepress.com.br\/noticias\/wp-content\/uploads\/2022\/06\/mirando-a-carencia-do-mercado-de-condominios-horizontais-em-canoas-dutra-incorporacoes-chega-ao-municipio-com-produto-ideal-1.jpg?ssl=1&amp;w=240&amp;resize=240&amp;ssl=1 240w, https:\/\/i2.wp.com\/redepress.com.br\/noticias\/wp-content\/uploads\/2022\/06\/mirando-a-carencia-do-mercado-de-condominios-horizontais-em-canoas-dutra-incorporacoes-chega-ao-municipio-com-produto-ideal-1.jpg?ssl=1&amp;w=320&amp;resize=320&amp;ssl=1 320w, https:\/\/i2.wp.com\/redepress.com.br\/noticias\/wp-content\/uploads\/2022\/06\/mirando-a-carencia-do-mercado-de-condominios-horizontais-em-canoas-dutra-incorporacoes-chega-ao-municipio-com-produto-ideal-1.jpg?ssl=1&amp;w=500&amp;resize=500&amp;ssl=1 500w, https:\/\/i2.wp.com\/redepress.com.br\/noticias\/wp-content\/uploads\/2022\/06\/mirando-a-carencia-do-mercado-de-condominios-horizontais-em-canoas-dutra-incorporacoes-chega-ao-municipio-com-produto-ideal-1.jpg?ssl=1&amp;w=640&amp;resize=640&amp;ssl=1 640w, https:\/\/i2.wp.com\/redepress.com.br\/noticias\/wp-content\/uploads\/2022\/06\/mirando-a-carencia-do-mercado-de-condominios-horizontais-em-canoas-dutra-incorporacoes-chega-ao-municipio-com-produto-ideal-1.jpg?ssl=1&amp;w=800&amp;resize=800&amp;ssl=1 800w, https:\/\/i2.wp.com\/redepress.com.br\/noticias\/wp-content\/uploads\/2022\/06\/mirando-a-carencia-do-mercado-de-condominios-horizontais-em-canoas-dutra-incorporacoes-chega-ao-municipio-com-produto-ideal-1.jpg?ssl=1&amp;w=1024&amp;resize=1024&amp;ssl=1 1024w, https:\/\/i2.wp.com\/redepress.com.br\/noticias\/wp-content\/uploads\/2022\/06\/mirando-a-carencia-do-mercado-de-condominios-horizontais-em-canoas-dutra-incorporacoes-chega-ao-municipio-com-produto-ideal-1.jpg?ssl=1&amp;w=1280&amp;resize=1280&amp;ssl=1 1280w, https:\/\/i2.wp.com\/redepress.com.br\/noticias\/wp-content\/uploads\/2022\/06\/mirando-a-carencia-do-mercado-de-condominios-horizontais-em-canoas-dutra-incorporacoes-chega-ao-municipio-com-produto-ideal-1.jpg?ssl=1&amp;w=1600&amp;resize=1600&amp;ssl=1 1600w\" loading=\"lazy\" class=\"size-medium wp-image-7794 aligncenter\" fifu-data-src=\"https:\/\/i2.wp.com\/redepress.com.br\/noticias\/wp-content\/uploads\/2022\/06\/mirando-a-carencia-do-mercado-de-condominios-horizontais-em-canoas-dutra-incorporacoes-chega-ao-municipio-com-produto-ideal-1.jpg?ssl=1\" alt width=\"300\" height=\"150\" srcset=\"https:\/\/redepress.com.br\/noticias\/wp-content\/uploads\/2022\/06\/mirando-a-carencia-do-mercado-de-condominios-horizontais-em-canoas-dutra-incorporacoes-chega-ao-municipio-com-produto-ideal-1.jpg 300w, https:\/\/redepress.com.br\/noticias\/wp-content\/uploads\/2022\/06\/mirando-a-carencia-do-mercado-de-condominios-horizontais-em-canoas-dutra-incorporacoes-chega-ao-municipio-com-produto-ideal-11.jpg 1024w, https:\/\/redepress.com.br\/noticias\/wp-content\/uploads\/2022\/06\/mirando-a-carencia-do-mercado-de-condominios-horizontais-em-canoas-dutra-incorporacoes-chega-ao-municipio-com-produto-ideal-12.jpg 768w, https:\/\/redepress.com.br\/noticias\/wp-content\/uploads\/2022\/06\/mirando-a-carencia-do-mercado-de-condominios-horizontais-em-canoas-dutra-incorporacoes-chega-ao-municipio-com-produto-ideal-13.jpg 1536w, https:\/\/redepress.com.br\/noticias\/wp-content\/uploads\/2022\/06\/mirando-a-carencia-do-mercado-de-condominios-horizontais-em-canoas-dutra-incorporacoes-chega-ao-municipio-com-produto-ideal-14.jpg 370w, https:\/\/redepress.com.br\/noticias\/wp-content\/uploads\/2022\/06\/mirando-a-carencia-do-mercado-de-condominios-horizontais-em-canoas-dutra-incorporacoes-chega-ao-municipio-com-produto-ideal-15.jpg 750w, https:\/\/redepress.com.br\/noticias\/wp-content\/uploads\/2022\/06\/mirando-a-carencia-do-mercado-de-condominios-horizontais-em-canoas-dutra-incorporacoes-chega-ao-municipio-com-produto-ideal-16.jpg 2000w\" sizes=\"auto, (max-width: 300px) 100vw, 300px\"\/><\/p>\n<p><img decoding=\"async\" src=\"data:image\/gif;base64,R0lGODlhAQABAIAAAAAAAP\/\/\/ywAAAAAAQABAAACAUwAOw==\" fifu-lazy=\"1\" fifu-data-sizes=\"auto\" fifu-data-srcset=\"https:\/\/i2.wp.com\/redepress.com.br\/noticias\/wp-content\/uploads\/2022\/06\/mirando-a-carencia-do-mercado-de-condominios-horizontais-em-canoas-dutra-incorporacoes-chega-ao-municipio-com-produto-ideal-2.jpg?ssl=1&amp;w=75&amp;resize=75&amp;ssl=1 75w, https:\/\/i2.wp.com\/redepress.com.br\/noticias\/wp-content\/uploads\/2022\/06\/mirando-a-carencia-do-mercado-de-condominios-horizontais-em-canoas-dutra-incorporacoes-chega-ao-municipio-com-produto-ideal-2.jpg?ssl=1&amp;w=100&amp;resize=100&amp;ssl=1 100w, https:\/\/i2.wp.com\/redepress.com.br\/noticias\/wp-content\/uploads\/2022\/06\/mirando-a-carencia-do-mercado-de-condominios-horizontais-em-canoas-dutra-incorporacoes-chega-ao-municipio-com-produto-ideal-2.jpg?ssl=1&amp;w=150&amp;resize=150&amp;ssl=1 150w, https:\/\/i2.wp.com\/redepress.com.br\/noticias\/wp-content\/uploads\/2022\/06\/mirando-a-carencia-do-mercado-de-condominios-horizontais-em-canoas-dutra-incorporacoes-chega-ao-municipio-com-produto-ideal-2.jpg?ssl=1&amp;w=240&amp;resize=240&amp;ssl=1 240w, https:\/\/i2.wp.com\/redepress.com.br\/noticias\/wp-content\/uploads\/2022\/06\/mirando-a-carencia-do-mercado-de-condominios-horizontais-em-canoas-dutra-incorporacoes-chega-ao-municipio-com-produto-ideal-2.jpg?ssl=1&amp;w=320&amp;resize=320&amp;ssl=1 320w, https:\/\/i2.wp.com\/redepress.com.br\/noticias\/wp-content\/uploads\/2022\/06\/mirando-a-carencia-do-mercado-de-condominios-horizontais-em-canoas-dutra-incorporacoes-chega-ao-municipio-com-produto-ideal-2.jpg?ssl=1&amp;w=500&amp;resize=500&amp;ssl=1 500w, https:\/\/i2.wp.com\/redepress.com.br\/noticias\/wp-content\/uploads\/2022\/06\/mirando-a-carencia-do-mercado-de-condominios-horizontais-em-canoas-dutra-incorporacoes-chega-ao-municipio-com-produto-ideal-2.jpg?ssl=1&amp;w=640&amp;resize=640&amp;ssl=1 640w, https:\/\/i2.wp.com\/redepress.com.br\/noticias\/wp-content\/uploads\/2022\/06\/mirando-a-carencia-do-mercado-de-condominios-horizontais-em-canoas-dutra-incorporacoes-chega-ao-municipio-com-produto-ideal-2.jpg?ssl=1&amp;w=800&amp;resize=800&amp;ssl=1 800w, https:\/\/i2.wp.com\/redepress.com.br\/noticias\/wp-content\/uploads\/2022\/06\/mirando-a-carencia-do-mercado-de-condominios-horizontais-em-canoas-dutra-incorporacoes-chega-ao-municipio-com-produto-ideal-2.jpg?ssl=1&amp;w=1024&amp;resize=1024&amp;ssl=1 1024w, https:\/\/i2.wp.com\/redepress.com.br\/noticias\/wp-content\/uploads\/2022\/06\/mirando-a-carencia-do-mercado-de-condominios-horizontais-em-canoas-dutra-incorporacoes-chega-ao-municipio-com-produto-ideal-2.jpg?ssl=1&amp;w=1280&amp;resize=1280&amp;ssl=1 1280w, https:\/\/i2.wp.com\/redepress.com.br\/noticias\/wp-content\/uploads\/2022\/06\/mirando-a-carencia-do-mercado-de-condominios-horizontais-em-canoas-dutra-incorporacoes-chega-ao-municipio-com-produto-ideal-2.jpg?ssl=1&amp;w=1600&amp;resize=1600&amp;ssl=1 1600w\" loading=\"lazy\" class=\"size-medium wp-image-7795 aligncenter\" fifu-data-src=\"https:\/\/i2.wp.com\/redepress.com.br\/noticias\/wp-content\/uploads\/2022\/06\/mirando-a-carencia-do-mercado-de-condominios-horizontais-em-canoas-dutra-incorporacoes-chega-ao-municipio-com-produto-ideal-2.jpg?ssl=1\" alt width=\"300\" height=\"150\" srcset=\"https:\/\/redepress.com.br\/noticias\/wp-content\/uploads\/2022\/06\/mirando-a-carencia-do-mercado-de-condominios-horizontais-em-canoas-dutra-incorporacoes-chega-ao-municipio-com-produto-ideal-2.jpg 300w, https:\/\/redepress.com.br\/noticias\/wp-content\/uploads\/2022\/06\/mirando-a-carencia-do-mercado-de-condominios-horizontais-em-canoas-dutra-incorporacoes-chega-ao-municipio-com-produto-ideal-17.jpg 1024w, https:\/\/redepress.com.br\/noticias\/wp-content\/uploads\/2022\/06\/mirando-a-carencia-do-mercado-de-condominios-horizontais-em-canoas-dutra-incorporacoes-chega-ao-municipio-com-produto-ideal-18.jpg 768w, https:\/\/redepress.com.br\/noticias\/wp-content\/uploads\/2022\/06\/mirando-a-carencia-do-mercado-de-condominios-horizontais-em-canoas-dutra-incorporacoes-chega-ao-municipio-com-produto-ideal-19.jpg 1536w, https:\/\/redepress.com.br\/noticias\/wp-content\/uploads\/2022\/06\/mirando-a-carencia-do-mercado-de-condominios-horizontais-em-canoas-dutra-incorporacoes-chega-ao-municipio-com-produto-ideal-20.jpg 2048w, https:\/\/redepress.com.br\/noticias\/wp-content\/uploads\/2022\/06\/mirando-a-carencia-do-mercado-de-condominios-horizontais-em-canoas-dutra-incorporacoes-chega-ao-municipio-com-produto-ideal-21.jpg 370w, https:\/\/redepress.com.br\/noticias\/wp-content\/uploads\/2022\/06\/mirando-a-carencia-do-mercado-de-condominios-horizontais-em-canoas-dutra-incorporacoes-chega-ao-municipio-com-produto-ideal-22.jpg 750w\" sizes=\"auto, (max-width: 300px) 100vw, 300px\"\/><\/p>\n<p><img decoding=\"async\" src=\"data:image\/gif;base64,R0lGODlhAQABAIAAAAAAAP\/\/\/ywAAAAAAQABAAACAUwAOw==\" fifu-lazy=\"1\" fifu-data-sizes=\"auto\" fifu-data-srcset=\"https:\/\/i2.wp.com\/redepress.com.br\/noticias\/wp-content\/uploads\/2022\/06\/mirando-a-carencia-do-mercado-de-condominios-horizontais-em-canoas-dutra-incorporacoes-chega-ao-municipio-com-produto-ideal-3.jpg?ssl=1&amp;w=75&amp;resize=75&amp;ssl=1 75w, https:\/\/i2.wp.com\/redepress.com.br\/noticias\/wp-content\/uploads\/2022\/06\/mirando-a-carencia-do-mercado-de-condominios-horizontais-em-canoas-dutra-incorporacoes-chega-ao-municipio-com-produto-ideal-3.jpg?ssl=1&amp;w=100&amp;resize=100&amp;ssl=1 100w, https:\/\/i2.wp.com\/redepress.com.br\/noticias\/wp-content\/uploads\/2022\/06\/mirando-a-carencia-do-mercado-de-condominios-horizontais-em-canoas-dutra-incorporacoes-chega-ao-municipio-com-produto-ideal-3.jpg?ssl=1&amp;w=150&amp;resize=150&amp;ssl=1 150w, https:\/\/i2.wp.com\/redepress.com.br\/noticias\/wp-content\/uploads\/2022\/06\/mirando-a-carencia-do-mercado-de-condominios-horizontais-em-canoas-dutra-incorporacoes-chega-ao-municipio-com-produto-ideal-3.jpg?ssl=1&amp;w=240&amp;resize=240&amp;ssl=1 240w, https:\/\/i2.wp.com\/redepress.com.br\/noticias\/wp-content\/uploads\/2022\/06\/mirando-a-carencia-do-mercado-de-condominios-horizontais-em-canoas-dutra-incorporacoes-chega-ao-municipio-com-produto-ideal-3.jpg?ssl=1&amp;w=320&amp;resize=320&amp;ssl=1 320w, https:\/\/i2.wp.com\/redepress.com.br\/noticias\/wp-content\/uploads\/2022\/06\/mirando-a-carencia-do-mercado-de-condominios-horizontais-em-canoas-dutra-incorporacoes-chega-ao-municipio-com-produto-ideal-3.jpg?ssl=1&amp;w=500&amp;resize=500&amp;ssl=1 500w, https:\/\/i2.wp.com\/redepress.com.br\/noticias\/wp-content\/uploads\/2022\/06\/mirando-a-carencia-do-mercado-de-condominios-horizontais-em-canoas-dutra-incorporacoes-chega-ao-municipio-com-produto-ideal-3.jpg?ssl=1&amp;w=640&amp;resize=640&amp;ssl=1 640w, https:\/\/i2.wp.com\/redepress.com.br\/noticias\/wp-content\/uploads\/2022\/06\/mirando-a-carencia-do-mercado-de-condominios-horizontais-em-canoas-dutra-incorporacoes-chega-ao-municipio-com-produto-ideal-3.jpg?ssl=1&amp;w=800&amp;resize=800&amp;ssl=1 800w, https:\/\/i2.wp.com\/redepress.com.br\/noticias\/wp-content\/uploads\/2022\/06\/mirando-a-carencia-do-mercado-de-condominios-horizontais-em-canoas-dutra-incorporacoes-chega-ao-municipio-com-produto-ideal-3.jpg?ssl=1&amp;w=1024&amp;resize=1024&amp;ssl=1 1024w, https:\/\/i2.wp.com\/redepress.com.br\/noticias\/wp-content\/uploads\/2022\/06\/mirando-a-carencia-do-mercado-de-condominios-horizontais-em-canoas-dutra-incorporacoes-chega-ao-municipio-com-produto-ideal-3.jpg?ssl=1&amp;w=1280&amp;resize=1280&amp;ssl=1 1280w, https:\/\/i2.wp.com\/redepress.com.br\/noticias\/wp-content\/uploads\/2022\/06\/mirando-a-carencia-do-mercado-de-condominios-horizontais-em-canoas-dutra-incorporacoes-chega-ao-municipio-com-produto-ideal-3.jpg?ssl=1&amp;w=1600&amp;resize=1600&amp;ssl=1 1600w\" loading=\"lazy\" class=\"size-medium wp-image-7796 aligncenter\" fifu-data-src=\"https:\/\/i2.wp.com\/redepress.com.br\/noticias\/wp-content\/uploads\/2022\/06\/mirando-a-carencia-do-mercado-de-condominios-horizontais-em-canoas-dutra-incorporacoes-chega-ao-municipio-com-produto-ideal-3.jpg?ssl=1\" alt width=\"300\" height=\"150\" srcset=\"https:\/\/redepress.com.br\/noticias\/wp-content\/uploads\/2022\/06\/mirando-a-carencia-do-mercado-de-condominios-horizontais-em-canoas-dutra-incorporacoes-chega-ao-municipio-com-produto-ideal-3.jpg 300w, https:\/\/redepress.com.br\/noticias\/wp-content\/uploads\/2022\/06\/mirando-a-carencia-do-mercado-de-condominios-horizontais-em-canoas-dutra-incorporacoes-chega-ao-municipio-com-produto-ideal-23.jpg 1024w, https:\/\/redepress.com.br\/noticias\/wp-content\/uploads\/2022\/06\/mirando-a-carencia-do-mercado-de-condominios-horizontais-em-canoas-dutra-incorporacoes-chega-ao-municipio-com-produto-ideal-24.jpg 768w, https:\/\/redepress.com.br\/noticias\/wp-content\/uploads\/2022\/06\/mirando-a-carencia-do-mercado-de-condominios-horizontais-em-canoas-dutra-incorporacoes-chega-ao-municipio-com-produto-ideal-25.jpg 1536w, https:\/\/redepress.com.br\/noticias\/wp-content\/uploads\/2022\/06\/mirando-a-carencia-do-mercado-de-condominios-horizontais-em-canoas-dutra-incorporacoes-chega-ao-municipio-com-produto-ideal-26.jpg 2048w, https:\/\/redepress.com.br\/noticias\/wp-content\/uploads\/2022\/06\/mirando-a-carencia-do-mercado-de-condominios-horizontais-em-canoas-dutra-incorporacoes-chega-ao-municipio-com-produto-ideal-27.jpg 370w, https:\/\/redepress.com.br\/noticias\/wp-content\/uploads\/2022\/06\/mirando-a-carencia-do-mercado-de-condominios-horizontais-em-canoas-dutra-incorporacoes-chega-ao-municipio-com-produto-ideal-28.jpg 750w\" sizes=\"auto, (max-width: 300px) 100vw, 300px\"\/><\/p>\n<p><img decoding=\"async\" src=\"data:image\/gif;base64,R0lGODlhAQABAIAAAAAAAP\/\/\/ywAAAAAAQABAAACAUwAOw==\" fifu-lazy=\"1\" fifu-data-sizes=\"auto\" fifu-data-srcset=\"https:\/\/i2.wp.com\/redepress.com.br\/noticias\/wp-content\/uploads\/2022\/06\/mirando-a-carencia-do-mercado-de-condominios-horizontais-em-canoas-dutra-incorporacoes-chega-ao-municipio-com-produto-ideal-4.jpg?ssl=1&amp;w=75&amp;resize=75&amp;ssl=1 75w, https:\/\/i2.wp.com\/redepress.com.br\/noticias\/wp-content\/uploads\/2022\/06\/mirando-a-carencia-do-mercado-de-condominios-horizontais-em-canoas-dutra-incorporacoes-chega-ao-municipio-com-produto-ideal-4.jpg?ssl=1&amp;w=100&amp;resize=100&amp;ssl=1 100w, https:\/\/i2.wp.com\/redepress.com.br\/noticias\/wp-content\/uploads\/2022\/06\/mirando-a-carencia-do-mercado-de-condominios-horizontais-em-canoas-dutra-incorporacoes-chega-ao-municipio-com-produto-ideal-4.jpg?ssl=1&amp;w=150&amp;resize=150&amp;ssl=1 150w, https:\/\/i2.wp.com\/redepress.com.br\/noticias\/wp-content\/uploads\/2022\/06\/mirando-a-carencia-do-mercado-de-condominios-horizontais-em-canoas-dutra-incorporacoes-chega-ao-municipio-com-produto-ideal-4.jpg?ssl=1&amp;w=240&amp;resize=240&amp;ssl=1 240w, https:\/\/i2.wp.com\/redepress.com.br\/noticias\/wp-content\/uploads\/2022\/06\/mirando-a-carencia-do-mercado-de-condominios-horizontais-em-canoas-dutra-incorporacoes-chega-ao-municipio-com-produto-ideal-4.jpg?ssl=1&amp;w=320&amp;resize=320&amp;ssl=1 320w, https:\/\/i2.wp.com\/redepress.com.br\/noticias\/wp-content\/uploads\/2022\/06\/mirando-a-carencia-do-mercado-de-condominios-horizontais-em-canoas-dutra-incorporacoes-chega-ao-municipio-com-produto-ideal-4.jpg?ssl=1&amp;w=500&amp;resize=500&amp;ssl=1 500w, https:\/\/i2.wp.com\/redepress.com.br\/noticias\/wp-content\/uploads\/2022\/06\/mirando-a-carencia-do-mercado-de-condominios-horizontais-em-canoas-dutra-incorporacoes-chega-ao-municipio-com-produto-ideal-4.jpg?ssl=1&amp;w=640&amp;resize=640&amp;ssl=1 640w, https:\/\/i2.wp.com\/redepress.com.br\/noticias\/wp-content\/uploads\/2022\/06\/mirando-a-carencia-do-mercado-de-condominios-horizontais-em-canoas-dutra-incorporacoes-chega-ao-municipio-com-produto-ideal-4.jpg?ssl=1&amp;w=800&amp;resize=800&amp;ssl=1 800w, https:\/\/i2.wp.com\/redepress.com.br\/noticias\/wp-content\/uploads\/2022\/06\/mirando-a-carencia-do-mercado-de-condominios-horizontais-em-canoas-dutra-incorporacoes-chega-ao-municipio-com-produto-ideal-4.jpg?ssl=1&amp;w=1024&amp;resize=1024&amp;ssl=1 1024w, https:\/\/i2.wp.com\/redepress.com.br\/noticias\/wp-content\/uploads\/2022\/06\/mirando-a-carencia-do-mercado-de-condominios-horizontais-em-canoas-dutra-incorporacoes-chega-ao-municipio-com-produto-ideal-4.jpg?ssl=1&amp;w=1280&amp;resize=1280&amp;ssl=1 1280w, https:\/\/i2.wp.com\/redepress.com.br\/noticias\/wp-content\/uploads\/2022\/06\/mirando-a-carencia-do-mercado-de-condominios-horizontais-em-canoas-dutra-incorporacoes-chega-ao-municipio-com-produto-ideal-4.jpg?ssl=1&amp;w=1600&amp;resize=1600&amp;ssl=1 1600w\" loading=\"lazy\" class=\"size-medium wp-image-7797 aligncenter\" fifu-data-src=\"https:\/\/i2.wp.com\/redepress.com.br\/noticias\/wp-content\/uploads\/2022\/06\/mirando-a-carencia-do-mercado-de-condominios-horizontais-em-canoas-dutra-incorporacoes-chega-ao-municipio-com-produto-ideal-4.jpg?ssl=1\" alt width=\"300\" height=\"150\" srcset=\"https:\/\/redepress.com.br\/noticias\/wp-content\/uploads\/2022\/06\/mirando-a-carencia-do-mercado-de-condominios-horizontais-em-canoas-dutra-incorporacoes-chega-ao-municipio-com-produto-ideal-4.jpg 300w, https:\/\/redepress.com.br\/noticias\/wp-content\/uploads\/2022\/06\/mirando-a-carencia-do-mercado-de-condominios-horizontais-em-canoas-dutra-incorporacoes-chega-ao-municipio-com-produto-ideal-29.jpg 1024w, https:\/\/redepress.com.br\/noticias\/wp-content\/uploads\/2022\/06\/mirando-a-carencia-do-mercado-de-condominios-horizontais-em-canoas-dutra-incorporacoes-chega-ao-municipio-com-produto-ideal-30.jpg 768w, https:\/\/redepress.com.br\/noticias\/wp-content\/uploads\/2022\/06\/mirando-a-carencia-do-mercado-de-condominios-horizontais-em-canoas-dutra-incorporacoes-chega-ao-municipio-com-produto-ideal-31.jpg 1536w, https:\/\/redepress.com.br\/noticias\/wp-content\/uploads\/2022\/06\/mirando-a-carencia-do-mercado-de-condominios-horizontais-em-canoas-dutra-incorporacoes-chega-ao-municipio-com-produto-ideal-32.jpg 2048w, https:\/\/redepress.com.br\/noticias\/wp-content\/uploads\/2022\/06\/mirando-a-carencia-do-mercado-de-condominios-horizontais-em-canoas-dutra-incorporacoes-chega-ao-municipio-com-produto-ideal-33.jpg 370w, https:\/\/redepress.com.br\/noticias\/wp-content\/uploads\/2022\/06\/mirando-a-carencia-do-mercado-de-condominios-horizontais-em-canoas-dutra-incorporacoes-chega-ao-municipio-com-produto-ideal-34.jpg 750w\" sizes=\"auto, (max-width: 300px) 100vw, 300px\"\/><\/p>\n<p> <a href=\"https:\/\/dixoncomunicacao.com\/mirando-a-carencia-do-mercado-de-condominios-horizontais-em-canoas-dutra-incorporacoes-chega-ao-municipio-com-produto-ideal\/\" target=\"_blank\" rel=\"noopener\">Leia mais: https:\/\/dixoncomunicacao.com\/mirando-a-carencia-do-mercado-de-condominios-horizontais-em-canoas-dutra-incorporacoes-chega-ao-municipio-com-produto-ideal\/<\/a><\/p>\n","protected":false},"excerpt":{"rendered":"<p>Com conceito de resort boutique, o Vert Residence Club entregar&aacute; aos moradores um condom&iacute;nio com infraestrutura&hellip;<\/p>\n","protected":false},"author":2,"featured_media":351430,"comment_status":"closed","ping_status":"closed","sticky":false,"template":"","format":"standard","meta":{"advanced_seo_description":"","jetpack_seo_html_title":"","jetpack_seo_noindex":false,"jetpack_seo_schema_type":"","_jetpack_newsletter_access":"","_jetpack_dont_email_post_to_subs":false,"_jetpack_newsletter_tier_id":0,"_jetpack_memberships_contains_paywalled_content":false,"fifu_image_url":"","fifu_image_alt":"","_jetpack_memberships_contains_paid_content":false,"footnotes":""},"categories":[21201,17,14418],"tags":[905,2588,2191,3647,22372,52,10082,2410,6407,2281,10802,10664,1342,1117,4385,379,166,34553,15519,30102,4361,6765,223,15742,441,15385,15165,34489,956,10055,18191,17302,13781,6366,433,248,9196,9461,29745,33558,12666,4617,424,4327,22376,9997,15262,121,268,9707],"class_list":["post-351429","post","type-post","status-publish","format-standard","has-post-thumbnail","hentry","category-destaques","category-geral","category-noticias","tag-adolescentes","tag-arquitetura","tag-assinatura","tag-atividades","tag-atracao","tag-brasileira","tag-cargo","tag-cidade","tag-cliente","tag-clima","tag-construcao","tag-construcao-civil","tag-consultoria","tag-conta","tag-controle","tag-crescimento","tag-design","tag-e","tag-empreendimento","tag-empreendimentos","tag-empresa","tag-estrutura","tag-eventos","tag-expansao","tag-financiamento","tag-foco","tag-gestao","tag-incorporadora","tag-infantil","tag-infraestrutura","tag-instalacao","tag-lancamento","tag-lancamentos","tag-lazer","tag-marca","tag-mercado","tag-natureza","tag-os","tag-pelo","tag-ponto","tag-porto-alegre","tag-produto","tag-projeto","tag-qualidade","tag-rs","tag-seguranca","tag-servicos","tag-shopping","tag-venda","tag-verao","wpcat-21201-id","wpcat-17-id","wpcat-14418-id"],"jetpack_sharing_enabled":true,"jetpack-related-posts":[],"jetpack_featured_media_url":"","_links":{"self":[{"href":"https:\/\/redepress.com.br\/noticias\/wp-json\/wp\/v2\/posts\/351429","targetHints":{"allow":["GET"]}}],"collection":[{"href":"https:\/\/redepress.com.br\/noticias\/wp-json\/wp\/v2\/posts"}],"about":[{"href":"https:\/\/redepress.com.br\/noticias\/wp-json\/wp\/v2\/types\/post"}],"author":[{"embeddable":true,"href":"https:\/\/redepress.com.br\/noticias\/wp-json\/wp\/v2\/users\/2"}],"replies":[{"embeddable":true,"href":"https:\/\/redepress.com.br\/noticias\/wp-json\/wp\/v2\/comments?post=351429"}],"version-history":[{"count":0,"href":"https:\/\/redepress.com.br\/noticias\/wp-json\/wp\/v2\/posts\/351429\/revisions"}],"wp:attachment":[{"href":"https:\/\/redepress.com.br\/noticias\/wp-json\/wp\/v2\/media?parent=351429"}],"wp:term":[{"taxonomy":"category","embeddable":true,"href":"https:\/\/redepress.com.br\/noticias\/wp-json\/wp\/v2\/categories?post=351429"},{"taxonomy":"post_tag","embeddable":true,"href":"https:\/\/redepress.com.br\/noticias\/wp-json\/wp\/v2\/tags?post=351429"}],"curies":[{"name":"wp","href":"https:\/\/api.w.org\/{rel}","templated":true}]}}